{"id":15693,"date":"2016-06-28T14:48:56","date_gmt":"2016-06-28T17:48:56","guid":{"rendered":"http:\/\/catolicanet.net\/wp-cnet\/2016\/06\/28\/marina-ruy-barbosa-doa-seu-cabelo-por-uma-causa-nobre-veja-como-ela-ficou\/"},"modified":"2017-05-31T10:13:58","modified_gmt":"2017-05-31T13:13:58","slug":"marina-ruy-barbosa-doa-seu-cabelo-por-uma-causa-nobre-veja-como-ela-ficou","status":"publish","type":"post","link":"https:\/\/catolicanet.net\/wp-cnet\/marina-ruy-barbosa-doa-seu-cabelo-por-uma-causa-nobre-veja-como-ela-ficou\/","title":{"rendered":"Marina Ruy Barbosa doa seu cabelo por uma causa nobre. Veja como ela ficou"},"content":{"rendered":"<p style=\"text-align: justify;\"><img decoding=\"async\" src=\"http:\/\/www.catolicanet.com.br\/images\/stories\/noticias\/marinaruybarbosa1.jpg\" border=\"0\" align=\"left\" \/>Ela apareceu ostentando madeixas mais curtas bem diferentes daquelas com que o p\u00fablico estava acostumado. Mas a raz\u00e3o disso \u00e9 muito especial.<\/p>\n<p>Marina Ruy Barbosa, conhecida tamb\u00e9m pela sua beleza inconfund\u00edvel, recentemente deixou a internet abalada com uma mudan\u00e7a no visual.<\/p>\n<p>Ela apareceu ostentando madeixas mais curtas bem diferentes daquelas que o p\u00fablico estava acostumado. Mas claro que a raz\u00e3o disso \u00e9 muito especial: ela resolveu cortar o cabelo para do\u00e1-lo \u00e0 crian\u00e7as com c\u00e2ncer.<\/p>\n<p>\u201cVai junto com todos os outros cabelos que juntamos e mandamos para o Cabelegria\u201d, disse o cabeleireiro ao jornal Extra.<\/p>\n<p><img decoding=\"async\" src=\"http:\/\/www.catolicanet.com.br\/images\/stories\/noticias\/marinaruybarbosa.jpg\" border=\"0\" align=\"right\" \/>O Cabelegria come\u00e7ou em 2013 como um projeto simples de duas amigas para ajudar crian\u00e7as com c\u00e2ncer. Hoje, \u00e9 uma ONG que faz peruquinhas para as crian\u00e7as de forma gratuita e tem mais de 65 mil doa\u00e7\u00f5es de cora\u00e7\u00f5es de todo o mundo.<\/p>\n<p>Que alegria saber que existem tantas pessoas iluminadas!<\/p>\n<p>Podemos nos inspirar com a atitude da mo\u00e7a e pensar em aderir tamb\u00e9m ao long bob, o corte que ela fez, doando os fios para essa causa nobre!<\/p>\n<p>Fotos: Reprodu\u00e7\u00e3o\/ Instagram Marina Ruy Barbosa<\/p>\n<p style=\"text-align: justify;\">\u00a0<\/p>\n<p style=\"text-align: justify;\">Fonte: Aleteia<\/p>\n","protected":false},"excerpt":{"rendered":"<p>Ela apareceu ostentando madeixas mais curtas bem diferentes daquelas com que o p\u00fablico estava acostumado. Mas a raz\u00e3o disso \u00e9 muito especial. Marina Ruy Barbosa, conhecida tamb\u00e9m pela sua beleza inconfund\u00edvel, recentemente deixou a internet abalada com uma mudan\u00e7a no visual. Ela apareceu ostentando madeixas mais curtas bem diferentes daquelas que o p\u00fablico estava acostumado. [&hellip;]<\/p>\n","protected":false},"author":1,"featured_media":15692,"comment_status":"open","ping_status":"open","sticky":false,"template":"","format":"standard","meta":{"footnotes":""},"categories":[4],"tags":[],"class_list":["post-15693","post","type-post","status-publish","format-standard","has-post-thumbnail","hentry","category-cotidiano"],"_links":{"self":[{"href":"https:\/\/catolicanet.net\/wp-cnet\/wp-json\/wp\/v2\/posts\/15693","targetHints":{"allow":["GET"]}}],"collection":[{"href":"https:\/\/catolicanet.net\/wp-cnet\/wp-json\/wp\/v2\/posts"}],"about":[{"href":"https:\/\/catolicanet.net\/wp-cnet\/wp-json\/wp\/v2\/types\/post"}],"author":[{"embeddable":true,"href":"https:\/\/catolicanet.net\/wp-cnet\/wp-json\/wp\/v2\/users\/1"}],"replies":[{"embeddable":true,"href":"https:\/\/catolicanet.net\/wp-cnet\/wp-json\/wp\/v2\/comments?post=15693"}],"version-history":[{"count":1,"href":"https:\/\/catolicanet.net\/wp-cnet\/wp-json\/wp\/v2\/posts\/15693\/revisions"}],"predecessor-version":[{"id":25698,"href":"https:\/\/catolicanet.net\/wp-cnet\/wp-json\/wp\/v2\/posts\/15693\/revisions\/25698"}],"wp:featuredmedia":[{"embeddable":true,"href":"https:\/\/catolicanet.net\/wp-cnet\/wp-json\/wp\/v2\/media\/15692"}],"wp:attachment":[{"href":"https:\/\/catolicanet.net\/wp-cnet\/wp-json\/wp\/v2\/media?parent=15693"}],"wp:term":[{"taxonomy":"category","embeddable":true,"href":"https:\/\/catolicanet.net\/wp-cnet\/wp-json\/wp\/v2\/categories?post=15693"},{"taxonomy":"post_tag","embeddable":true,"href":"https:\/\/catolicanet.net\/wp-cnet\/wp-json\/wp\/v2\/tags?post=15693"}],"curies":[{"name":"wp","href":"https:\/\/api.w.org\/{rel}","templated":true}]}}