{"id":15689,"date":"2016-06-28T14:18:05","date_gmt":"2016-06-28T17:18:05","guid":{"rendered":"http:\/\/catolicanet.net\/wp-cnet\/2016\/06\/28\/dom-jose-negri-realiza-visita-pastoral-na-paroquia-sao-joao-paulo-ii\/"},"modified":"2017-05-31T10:13:58","modified_gmt":"2017-05-31T13:13:58","slug":"dom-jose-negri-realiza-visita-pastoral-na-paroquia-sao-joao-paulo-ii","status":"publish","type":"post","link":"https:\/\/catolicanet.net\/wp-cnet\/dom-jose-negri-realiza-visita-pastoral-na-paroquia-sao-joao-paulo-ii\/","title":{"rendered":"Dom Jos\u00e9 Negri realiza visita pastoral na par\u00f3quia S\u00e3o Jo\u00e3o Paulo II"},"content":{"rendered":"<p style=\"text-align: justify;\"><img decoding=\"async\" src=\"http:\/\/www.catolicanet.com.br\/images\/stories\/noticias\/026-300x169.jpg\" border=\"0\" align=\"left\" \/>Neste final de semana, Dom Jos\u00e9 Negri realizou sua \u00faltima visita pastoral do ano. O encontro aconteceu na par\u00f3quia S\u00e3o Jo\u00e3o Paulo II e S\u00e3o Paulo Ap\u00f3stolo, e nas comunidades de S\u00e3o Jos\u00e9 e Santa Luzia administradas pelo padre Cl\u00e1udio Antunes, e pertencentes ao setor Cupec\u00ea.<\/p>\n<p>No s\u00e1bado a visita aconteceu na Comunidade S\u00e3o Jos\u00e9, onde o Bispo p\u00f4de ouvir a necessidade de cada pastoral, e se reunir para um momento de ora\u00e7\u00e3o com o ter\u00e7o mariano.<\/p>\n<p>Durante as celebra\u00e7\u00f5es do domingo, Dom Jos\u00e9 reafirmou a import\u00e2ncia de conhecer cada rosto da Diocese, e ainda lembrou \u00e0 comunidade os ensinamentos de S\u00e3o Jo\u00e3o Paulo II, para ter uma fam\u00edlia mais feliz e unida.<\/p>\n<p>Segundo Dom Jos\u00e9 Negri, \u201crezar o ter\u00e7o nos deixa pr\u00f3ximos \u00e0 Nossa Senhora, e ela nunca esquece de cada Ave-Maria rezada\u201d.<\/p>\n<p>A visita pastoral, tamb\u00e9m foi marcada pelo encontro com os enfermos, b\u00ean\u00e7\u00e3os aos paroquianos e almo\u00e7o comunit\u00e1rio.<\/p>\n<p>Elizandra Souza \u2013 Pascom<\/p>\n<p style=\"text-align: justify;\">\u00a0<\/p>\n<p style=\"text-align: justify;\">Fonte: Diocese de Santo Amaro<\/p>\n","protected":false},"excerpt":{"rendered":"<p>Neste final de semana, Dom Jos\u00e9 Negri realizou sua \u00faltima visita pastoral do ano. O encontro aconteceu na par\u00f3quia S\u00e3o Jo\u00e3o Paulo II e S\u00e3o Paulo Ap\u00f3stolo, e nas comunidades de S\u00e3o Jos\u00e9 e Santa Luzia administradas pelo padre Cl\u00e1udio Antunes, e pertencentes ao setor Cupec\u00ea. No s\u00e1bado a visita aconteceu na Comunidade S\u00e3o Jos\u00e9, [&hellip;]<\/p>\n","protected":false},"author":1,"featured_media":15688,"comment_status":"open","ping_status":"open","sticky":false,"template":"","format":"standard","meta":{"footnotes":""},"categories":[4],"tags":[],"class_list":["post-15689","post","type-post","status-publish","format-standard","has-post-thumbnail","hentry","category-cotidiano"],"_links":{"self":[{"href":"https:\/\/catolicanet.net\/wp-cnet\/wp-json\/wp\/v2\/posts\/15689","targetHints":{"allow":["GET"]}}],"collection":[{"href":"https:\/\/catolicanet.net\/wp-cnet\/wp-json\/wp\/v2\/posts"}],"about":[{"href":"https:\/\/catolicanet.net\/wp-cnet\/wp-json\/wp\/v2\/types\/post"}],"author":[{"embeddable":true,"href":"https:\/\/catolicanet.net\/wp-cnet\/wp-json\/wp\/v2\/users\/1"}],"replies":[{"embeddable":true,"href":"https:\/\/catolicanet.net\/wp-cnet\/wp-json\/wp\/v2\/comments?post=15689"}],"version-history":[{"count":1,"href":"https:\/\/catolicanet.net\/wp-cnet\/wp-json\/wp\/v2\/posts\/15689\/revisions"}],"predecessor-version":[{"id":25700,"href":"https:\/\/catolicanet.net\/wp-cnet\/wp-json\/wp\/v2\/posts\/15689\/revisions\/25700"}],"wp:featuredmedia":[{"embeddable":true,"href":"https:\/\/catolicanet.net\/wp-cnet\/wp-json\/wp\/v2\/media\/15688"}],"wp:attachment":[{"href":"https:\/\/catolicanet.net\/wp-cnet\/wp-json\/wp\/v2\/media?parent=15689"}],"wp:term":[{"taxonomy":"category","embeddable":true,"href":"https:\/\/catolicanet.net\/wp-cnet\/wp-json\/wp\/v2\/categories?post=15689"},{"taxonomy":"post_tag","embeddable":true,"href":"https:\/\/catolicanet.net\/wp-cnet\/wp-json\/wp\/v2\/tags?post=15689"}],"curies":[{"name":"wp","href":"https:\/\/api.w.org\/{rel}","templated":true}]}}