{"id":15675,"date":"2016-06-28T13:45:16","date_gmt":"2016-06-28T16:45:16","guid":{"rendered":"http:\/\/catolicanet.net\/wp-cnet\/2016\/06\/28\/papa-sofrimento-humano-deve-unir-os-cristaos\/"},"modified":"2017-06-02T13:51:58","modified_gmt":"2017-06-02T16:51:58","slug":"papa-sofrimento-humano-deve-unir-os-cristaos","status":"publish","type":"post","link":"https:\/\/catolicanet.net\/wp-cnet\/papa-sofrimento-humano-deve-unir-os-cristaos\/","title":{"rendered":"Papa: sofrimento humano deve unir os crist\u00e3os"},"content":{"rendered":"<p style=\"text-align: justify;\"><img decoding=\"async\" src=\"http:\/\/www.catolicanet.com.br\/images\/stories\/papas\/ansa761784_articolo.jpg\" border=\"0\" align=\"left\" \/>O Papa Francisco recebeu na manh\u00e3 desta ter\u00e7a-feira (28\/06), no Vaticano, uma delega\u00e7\u00e3o do Patriarcado Ecum\u00eanico de Constantinopla, que veio a Roma para participar da festa dos Santos Ap\u00f3stolos Pedro e Paulo, em 29 de junho, padroeiros da cidade.<\/p>\n<p>Trata-se de uma cortesia entre o Patriarcado e a Santa S\u00e9 que se repete todos os anos por ocasi\u00e3o dos santos padroeiros. A Santa S\u00e9 envia uma representa\u00e7\u00e3o \u00e0 sede do Patriarcado Ecum\u00eanico, em Istambul, para a festa de Santo Andr\u00e9, em 30 de novembro.<\/p>\n<p style=\"text-align: justify;\"><a href=\"http:\/\/media02.radiovaticana.va\/audio\/audio2\/mp3\/00537056.mp3\">Clique aqui para ouvir.<\/a><\/p>\n<p>Em seu discurso, o Santo Padre destacou que a festa deste ano ser\u00e1 marcada pela miseric\u00f3rdia, no \u00e2mbito do Jubileu que a Igreja est\u00e1 vivendo. Os Santos Pedro e Paulo fizeram ambos a experi\u00eancia primeiro do pecado, depois da pot\u00eancia da miseric\u00f3rdia divina. O primeiro renegando seu Mestre, e o segundo perseguindo a Igreja.<\/p>\n<p>Renovar<\/p>\n<p>\u201cCelebrando a festa dos Ap\u00f3stolos, renovamos a mem\u00f3ria daquela experi\u00eancia de perd\u00e3o e de gra\u00e7a que une todos os fi\u00e9is em Cristo\u201d, disse o Papa. N\u00e3o obstante as diferen\u00e7as entre a Igreja de Roma e a de Constantinopla no que diz respeito \u00e0 liturgia, \u00e0s disciplinas eclesi\u00e1sticas e ao modo de formular a verdade revelada, na base das duas Igrejas est\u00e1 a mesma experi\u00eancia do amor infinito de Deus pela nossa pequenez e fragilidade.<\/p>\n<p>\u201cReconhecer que a experi\u00eancia da miseric\u00f3rdia de Deus \u00e9 o v\u00ednculo que nos une, implica que devemos fazer com que a miseric\u00f3rdia se torne sempre mais o crit\u00e9rio das nossas rela\u00e7\u00f5es rec\u00edprocas\u201d, afirmou Francisco, pedindo que sentimentos como rivalidade, desconfian\u00e7a e rancor sejam superados. \u201cA pr\u00f3pria miseric\u00f3rdia nos liberta do peso de um passado marcado por conflitos e nos permite de nos abrir ao futuro rumo ao qual o Esp\u00edrito Santo nos guia\u201d, acrescentou.<\/p>\n<p>Di\u00e1logo<\/p>\n<p>Como passos positivos, o Pont\u00edfice citou o di\u00e1logo teol\u00f3gico entre a Igreja Cat\u00f3lica e a Igreja Ortodoxa e, de modo especial, a visita realizada em abril passado \u00e0 ilha grega de Lesbos, na companhia do Patriarca Bartolomeu e do Arcebispo de Atenas e de toda a Gr\u00e9cia, Ieronymo II.<\/p>\n<p>\u201cOlhar o desespero no rosto de homens, mulheres e crian\u00e7as que n\u00e3o sabem seu destino, ouvir impotentes o relato de suas desventuras e nos deter em ora\u00e7\u00e3o \u00e0s margens daquele mar que devorou a vida de tantos seres humanos inocentes foi uma experi\u00eancia muito comovente, que confirmou o quanto ainda h\u00e1 por fazer para garantir dignidade e justi\u00e7a a tantos irm\u00e3os e irm\u00e3s\u201d, disse o Papa Francisco.<\/p>\n<p>Para ele, cat\u00f3licos e ortodoxos est\u00e3o sempre mais se conscientizando da responsabilidade comum diante de quem se encontra na necessidade. \u201cAssumir juntos esta responsabilidade \u00e9 um dever que toca a credibilidade pr\u00f3pria do nosso ser crist\u00e3o. Por isso, encorajo toda forma de colabora\u00e7\u00e3o entre cat\u00f3licos e ortodoxos em atividades concretas a servi\u00e7o da humanidade sofredora.\u201d<\/p>\n<p>O Pont\u00edfice citou ainda a recente realiza\u00e7\u00e3o em Creta, na Gr\u00e9cia, do Conc\u00edlio Pan-ortodoxo, fazendo votos de que deste evento possam germinar frutos abundantes para o bem da Igreja. E concluiu seu discurso garantindo seu respeito e amor fraterno pelo Patriarcado Ecum\u00eanico e pedindo ora\u00e7\u00f5es por si e por seu minist\u00e9rio.<\/p>\n<p style=\"text-align: justify;\">\u00a0<\/p>\n<p style=\"text-align: justify;\">Fonte: R\u00e1dio Vaticano<\/p>\n","protected":false},"excerpt":{"rendered":"<p>O Papa Francisco recebeu na manh\u00e3 desta ter\u00e7a-feira (28\/06), no Vaticano, uma delega\u00e7\u00e3o do Patriarcado Ecum\u00eanico de Constantinopla, que veio a Roma para participar da festa dos Santos Ap\u00f3stolos Pedro e Paulo, em 29 de junho, padroeiros da cidade. Trata-se de uma cortesia entre o Patriarcado e a Santa S\u00e9 que se repete todos os [&hellip;]<\/p>\n","protected":false},"author":1,"featured_media":15674,"comment_status":"open","ping_status":"open","sticky":false,"template":"","format":"standard","meta":{"footnotes":""},"categories":[3],"tags":[],"class_list":["post-15675","post","type-post","status-publish","format-standard","has-post-thumbnail","hentry","category-vaticano"],"_links":{"self":[{"href":"https:\/\/catolicanet.net\/wp-cnet\/wp-json\/wp\/v2\/posts\/15675","targetHints":{"allow":["GET"]}}],"collection":[{"href":"https:\/\/catolicanet.net\/wp-cnet\/wp-json\/wp\/v2\/posts"}],"about":[{"href":"https:\/\/catolicanet.net\/wp-cnet\/wp-json\/wp\/v2\/types\/post"}],"author":[{"embeddable":true,"href":"https:\/\/catolicanet.net\/wp-cnet\/wp-json\/wp\/v2\/users\/1"}],"replies":[{"embeddable":true,"href":"https:\/\/catolicanet.net\/wp-cnet\/wp-json\/wp\/v2\/comments?post=15675"}],"version-history":[{"count":1,"href":"https:\/\/catolicanet.net\/wp-cnet\/wp-json\/wp\/v2\/posts\/15675\/revisions"}],"predecessor-version":[{"id":28519,"href":"https:\/\/catolicanet.net\/wp-cnet\/wp-json\/wp\/v2\/posts\/15675\/revisions\/28519"}],"wp:featuredmedia":[{"embeddable":true,"href":"https:\/\/catolicanet.net\/wp-cnet\/wp-json\/wp\/v2\/media\/15674"}],"wp:attachment":[{"href":"https:\/\/catolicanet.net\/wp-cnet\/wp-json\/wp\/v2\/media?parent=15675"}],"wp:term":[{"taxonomy":"category","embeddable":true,"href":"https:\/\/catolicanet.net\/wp-cnet\/wp-json\/wp\/v2\/categories?post=15675"},{"taxonomy":"post_tag","embeddable":true,"href":"https:\/\/catolicanet.net\/wp-cnet\/wp-json\/wp\/v2\/tags?post=15675"}],"curies":[{"name":"wp","href":"https:\/\/api.w.org\/{rel}","templated":true}]}}