{"id":15671,"date":"2016-06-28T13:16:29","date_gmt":"2016-06-28T16:16:29","guid":{"rendered":"http:\/\/catolicanet.net\/wp-cnet\/2016\/06\/28\/5o-encontro-da-pascom-reflete-sobre-comunicacao-e-liturgia\/"},"modified":"2017-05-26T15:55:49","modified_gmt":"2017-05-26T18:55:49","slug":"5o-encontro-da-pascom-reflete-sobre-comunicacao-e-liturgia","status":"publish","type":"post","link":"https:\/\/catolicanet.net\/wp-cnet\/5o-encontro-da-pascom-reflete-sobre-comunicacao-e-liturgia\/","title":{"rendered":"5\u00ba Encontro da Pascom reflete sobre \u201cComunica\u00e7\u00e3o e Liturgia\u201d"},"content":{"rendered":"<p style=\"text-align: justify;\"><img decoding=\"async\" src=\"http:\/\/www.catolicanet.com.br\/images\/stories\/noticias\/logo-encontro-pascom.jpg\" border=\"0\" align=\"left\" \/>Dom Darci Nicioli destaca a import\u00e2ncia da tem\u00e1tica nas atividades pastorais da Igreja<\/p>\n<p>Com o tema \u201cComunica\u00e7\u00e3o e Liturgia\u201d, o 5\u00ba Encontro Nacional da Pastoral da Comunica\u00e7\u00e3o (Pascom) contar\u00e1 com presen\u00e7a de mais de 800 agentes de todo o Brasil. Entre eles, ent\u00e3o bispos, sacerdotes, leigos e membros da Pastoral da Liturgia das dioceses, par\u00f3quias e comunidades. <\/p>\n<p>O evento acontecer\u00e1 de 14 a 17 de julho, no Centro de Eventos Padre V\u00edtor Coelho de Almeida, em Aparecida (SP). A proposta principal do encontro \u00e9 aprofundar a compreens\u00e3o e o servi\u00e7o da comunica\u00e7\u00e3o no campo da Liturgia na Igreja. Durante o encontro, est\u00e3o previstos seis semin\u00e1rios tem\u00e1ticos e quatro confer\u00eancias, com presen\u00e7a de estudiosos e especialistas da Comunica\u00e7\u00e3o e Liturgia. Haver\u00e1, ainda, noite cultural, no s\u00e1bado, 16 de julho, com workshop \u201cM\u00e3o na massa na comunica\u00e7\u00e3o cat\u00f3lica!\u201d<\/p>\n<p>O arcebispo de Diamantina (MG) e presidente da Comiss\u00e3o Episcopal Pastoral para a Comunica\u00e7\u00e3o da Confer\u00eancia Nacional dos Bispos do Brasil (CNBB), dom Darci Nicioli, fala das expectativas para o 5\u00ba Encontro. \u201cSer\u00e1 um bel\u00edssimo evento, mesmo porque s\u00e3o mais de 800 inscritos de todo o Brasil e de todos os regionais, todas dioceses e arquidioceses. E n\u00e3o s\u00f3 os agentes da Pastoral da Comunica\u00e7\u00e3o, mas tamb\u00e9m arcebispos, bispos, padres que est\u00e3o ligados na a\u00e9rea da Pascom. Ser\u00e1 momento de encontro e trocas de experi\u00eancia, al\u00e9m de espa\u00e7o de aprendizado para todos n\u00f3s\u201d, comenta dom Darci. <\/p>\n<p>Sobre o tema deste ano, \u201cComunica\u00e7\u00e3o e Liturgia\u201d, o arcebispo explica a necessidade de estudar essa dimens\u00e3o na a\u00e7\u00e3o pastoral da Igreja. \u201cEu chamo a aten\u00e7\u00e3o para o fato que de o tema do nosso encontro \u00e9 comunica\u00e7\u00e3o e liturgia, o foco est\u00e1 na comunica\u00e7\u00e3o. A transversalidade da Pastoral da Comunica\u00e7\u00e3o deve estar presente em todas as outras pastorais, para que nenhum grupo pastoral se sinta isolado, mas integrado em um corpo evangelizador\u201d. <\/p>\n<p>Ainda, segundo dom Darci, a liturgia \u00e9 essencialmente comunica\u00e7\u00e3o, pois comunica o mist\u00e9rio, que \u00e9 tamb\u00e9m encontro com o outro. \u201cO an\u00fancio da Palavra de Deus \u00e9 comunica\u00e7\u00e3o, outro exemplo muito simples \u00e9 o uso do microfone e dos instrumentos que temos nas celebra\u00e7\u00f5es. Ent\u00e3o todos esses s\u00e3o elementos interessantes para o nosso estudo na comunica\u00e7\u00e3o \u00e0 servi\u00e7o da liturgia\u201d, pontua. <\/p>\n<p>Confira a programa\u00e7\u00e3o completa do 5\u00aa Encontro da Pascom: encontronacionalpascom.cnbb.org.br<\/p>\n<p style=\"text-align: justify;\">\u00a0<\/p>\n<p style=\"text-align: justify;\">Fonte: CNBB<\/p>\n","protected":false},"excerpt":{"rendered":"<p>Dom Darci Nicioli destaca a import\u00e2ncia da tem\u00e1tica nas atividades pastorais da Igreja Com o tema \u201cComunica\u00e7\u00e3o e Liturgia\u201d, o 5\u00ba Encontro Nacional da Pastoral da Comunica\u00e7\u00e3o (Pascom) contar\u00e1 com presen\u00e7a de mais de 800 agentes de todo o Brasil. Entre eles, ent\u00e3o bispos, sacerdotes, leigos e membros da Pastoral da Liturgia das dioceses, par\u00f3quias [&hellip;]<\/p>\n","protected":false},"author":1,"featured_media":15670,"comment_status":"open","ping_status":"open","sticky":false,"template":"","format":"standard","meta":{"footnotes":""},"categories":[7],"tags":[],"class_list":["post-15671","post","type-post","status-publish","format-standard","has-post-thumbnail","hentry","category-cnbb"],"_links":{"self":[{"href":"https:\/\/catolicanet.net\/wp-cnet\/wp-json\/wp\/v2\/posts\/15671","targetHints":{"allow":["GET"]}}],"collection":[{"href":"https:\/\/catolicanet.net\/wp-cnet\/wp-json\/wp\/v2\/posts"}],"about":[{"href":"https:\/\/catolicanet.net\/wp-cnet\/wp-json\/wp\/v2\/types\/post"}],"author":[{"embeddable":true,"href":"https:\/\/catolicanet.net\/wp-cnet\/wp-json\/wp\/v2\/users\/1"}],"replies":[{"embeddable":true,"href":"https:\/\/catolicanet.net\/wp-cnet\/wp-json\/wp\/v2\/comments?post=15671"}],"version-history":[{"count":1,"href":"https:\/\/catolicanet.net\/wp-cnet\/wp-json\/wp\/v2\/posts\/15671\/revisions"}],"predecessor-version":[{"id":23602,"href":"https:\/\/catolicanet.net\/wp-cnet\/wp-json\/wp\/v2\/posts\/15671\/revisions\/23602"}],"wp:featuredmedia":[{"embeddable":true,"href":"https:\/\/catolicanet.net\/wp-cnet\/wp-json\/wp\/v2\/media\/15670"}],"wp:attachment":[{"href":"https:\/\/catolicanet.net\/wp-cnet\/wp-json\/wp\/v2\/media?parent=15671"}],"wp:term":[{"taxonomy":"category","embeddable":true,"href":"https:\/\/catolicanet.net\/wp-cnet\/wp-json\/wp\/v2\/categories?post=15671"},{"taxonomy":"post_tag","embeddable":true,"href":"https:\/\/catolicanet.net\/wp-cnet\/wp-json\/wp\/v2\/tags?post=15671"}],"curies":[{"name":"wp","href":"https:\/\/api.w.org\/{rel}","templated":true}]}}