{"id":15669,"date":"2016-06-28T13:10:56","date_gmt":"2016-06-28T16:10:56","guid":{"rendered":"http:\/\/catolicanet.net\/wp-cnet\/2016\/06\/28\/arquidiocese-de-olinda-e-recife-acolhe-4o-congresso-missionario-nacional\/"},"modified":"2017-05-26T15:55:49","modified_gmt":"2017-05-26T18:55:49","slug":"arquidiocese-de-olinda-e-recife-acolhe-4o-congresso-missionario-nacional","status":"publish","type":"post","link":"https:\/\/catolicanet.net\/wp-cnet\/arquidiocese-de-olinda-e-recife-acolhe-4o-congresso-missionario-nacional\/","title":{"rendered":"Arquidiocese de Olinda e Recife acolhe 4\u00ba Congresso Mission\u00e1rio Nacional"},"content":{"rendered":"<p style=\"text-align: justify;\"><img decoding=\"async\" src=\"http:\/\/www.catolicanet.com.br\/images\/stories\/noticias\/pom_interna4.jpg\" border=\"0\" align=\"left\" \/>Evento ser\u00e1 realizado em 2017<\/p>\n<p>A arquidiocese de Olinda e Recife (PE) acolher\u00e1, em 2017, o 4\u00ba Congresso Mission\u00e1rio Nacional, o primeiro a acontecer no Nordeste. Para organizar o evento, representantes dos vicariatos locais e a dire\u00e7\u00e3o nacional das Pontif\u00edcias Obras Mission\u00e1rias (POM) estiveram reunidos no dia 23 de junho.<\/p>\n<p>De acordo com o novo diretor das POM, padre Maur\u00edcio da Silva Jardim, o Congresso estar\u00e1 em conson\u00e2ncia com a ideia do 5\u00b0 Congresso Americano Mission\u00e1rio (CAM 5), a ser realizado na Bol\u00edvia em 2018. \u201cAt\u00e9 l\u00e1, todos os 25 pa\u00edses da Am\u00e9rica devem realizar seus congressos nacionais\u201d, afirma. <\/p>\n<p>O CAM 5 ter\u00e1 como tema \u201cA alegria do Evangelho, cora\u00e7\u00e3o da miss\u00e3o prof\u00e9tica, fonte de reconcilia\u00e7\u00e3o com Deus\u201d e lema \u201cAm\u00e9rica em miss\u00e3o: o Evangelho \u00e9 alegria\u201d. No Brasil, o Congresso Mission\u00e1rio Nacional refletir\u00e1 sobre a mesma tem\u00e1tica. <\/p>\n<p>Para o diretor cessante das POM, padre Camilo Pauletti, o Congresso ser\u00e1 momento \u201cde anima\u00e7\u00e3o, de ardor, de fazer arder a chama mission\u00e1ria\u201d. Ele lembra que a cidade que acolhe o evento tem bastante trabalho, mas se alegra por proporcionar a oportunidade de refletir, em n\u00edvel nacional, a quest\u00e3o da miss\u00e3o da Igreja no Brasil.<\/p>\n<p>O 4\u00ba Congresso Mission\u00e1rio Nacional deve reunir cerca de 700 participantes no Col\u00e9gio Damas, no bairro das Gra\u00e7as, entre os dias 07 e 10 de setembro de 2017. Entre seus objetivos est\u00e3o: acolher pr\u00e1ticas mission\u00e1rias significativas, fortalecer projetos mission\u00e1rios ad gentes da Igreja no Brasil, incentivar a coopera\u00e7\u00e3o intereclesial, despertar voca\u00e7\u00f5es mission\u00e1rias e articular os organismos e as for\u00e7as mission\u00e1rias.<\/p>\n<p>Os primeiros congressos mission\u00e1rios nacionais foram realizados em Belo Horizonte (MG), em 2003, Aparecida (SP), em 2008 e Palmas (TO), em 2012.<br \/>Com informa\u00e7\u00f5es e foto da Pascom da arquidiocese de Olinda e Recife<\/p>\n<p>Fonte: CNBB<\/p>\n","protected":false},"excerpt":{"rendered":"<p>Evento ser\u00e1 realizado em 2017 A arquidiocese de Olinda e Recife (PE) acolher\u00e1, em 2017, o 4\u00ba Congresso Mission\u00e1rio Nacional, o primeiro a acontecer no Nordeste. Para organizar o evento, representantes dos vicariatos locais e a dire\u00e7\u00e3o nacional das Pontif\u00edcias Obras Mission\u00e1rias (POM) estiveram reunidos no dia 23 de junho. De acordo com o novo [&hellip;]<\/p>\n","protected":false},"author":1,"featured_media":15668,"comment_status":"open","ping_status":"open","sticky":false,"template":"","format":"standard","meta":{"footnotes":""},"categories":[7],"tags":[],"class_list":["post-15669","post","type-post","status-publish","format-standard","has-post-thumbnail","hentry","category-cnbb"],"_links":{"self":[{"href":"https:\/\/catolicanet.net\/wp-cnet\/wp-json\/wp\/v2\/posts\/15669","targetHints":{"allow":["GET"]}}],"collection":[{"href":"https:\/\/catolicanet.net\/wp-cnet\/wp-json\/wp\/v2\/posts"}],"about":[{"href":"https:\/\/catolicanet.net\/wp-cnet\/wp-json\/wp\/v2\/types\/post"}],"author":[{"embeddable":true,"href":"https:\/\/catolicanet.net\/wp-cnet\/wp-json\/wp\/v2\/users\/1"}],"replies":[{"embeddable":true,"href":"https:\/\/catolicanet.net\/wp-cnet\/wp-json\/wp\/v2\/comments?post=15669"}],"version-history":[{"count":1,"href":"https:\/\/catolicanet.net\/wp-cnet\/wp-json\/wp\/v2\/posts\/15669\/revisions"}],"predecessor-version":[{"id":23603,"href":"https:\/\/catolicanet.net\/wp-cnet\/wp-json\/wp\/v2\/posts\/15669\/revisions\/23603"}],"wp:featuredmedia":[{"embeddable":true,"href":"https:\/\/catolicanet.net\/wp-cnet\/wp-json\/wp\/v2\/media\/15668"}],"wp:attachment":[{"href":"https:\/\/catolicanet.net\/wp-cnet\/wp-json\/wp\/v2\/media?parent=15669"}],"wp:term":[{"taxonomy":"category","embeddable":true,"href":"https:\/\/catolicanet.net\/wp-cnet\/wp-json\/wp\/v2\/categories?post=15669"},{"taxonomy":"post_tag","embeddable":true,"href":"https:\/\/catolicanet.net\/wp-cnet\/wp-json\/wp\/v2\/tags?post=15669"}],"curies":[{"name":"wp","href":"https:\/\/api.w.org\/{rel}","templated":true}]}}