{"id":15662,"date":"2016-06-27T19:47:28","date_gmt":"2016-06-27T22:47:28","guid":{"rendered":"http:\/\/catolicanet.net\/wp-cnet\/2016\/06\/27\/americacolombia-a-universidade-local-privilegiado-para-a-construcao-da-paz\/"},"modified":"2017-05-31T10:15:26","modified_gmt":"2017-05-31T13:15:26","slug":"americacolombia-a-universidade-local-privilegiado-para-a-construcao-da-paz","status":"publish","type":"post","link":"https:\/\/catolicanet.net\/wp-cnet\/americacolombia-a-universidade-local-privilegiado-para-a-construcao-da-paz\/","title":{"rendered":"AM\u00c9RICA\/COL\u00d4MBIA &#8211; A Universidade: local privilegiado para a constru\u00e7\u00e3o da paz"},"content":{"rendered":"<p style=\"text-align: justify;\"><img decoding=\"async\" src=\"http:\/\/www.catolicanet.com.br\/images\/stories\/noticias\/primopiano_1986.jpg\" border=\"0\" align=\"left\" \/>Bogot\u00e1 (Ag\u00eancia Fides) \u2013 A paz requer que as pessoas sejam formadas e informadas, para que n\u00e3o esperem por frutos que jamais poder\u00e3o chegar e o processo seja colocado em risco. A universidade, portanto, tem um lugar priorit\u00e1rio na constru\u00e7\u00e3o da paz, e as universidades cat\u00f3licas na Col\u00f4mbia representam uma for\u00e7a importante n\u00e3o somente para a Igreja, mas para toda a sociedade. Foi o que reiterou o Secret\u00e1rio-Geral da Federa\u00e7\u00e3o Internacional das Universidades Cat\u00f3licas, padre Guy-R\u00e9al Thivierge, durante um encontro com os Reitores das Universidades Cat\u00f3licas da Col\u00f4mbia, que se realizou na sede da Confer\u00eancia Episcopal Colombiana (CEC) em 23 de junho.<br \/>Segundo as informa\u00e7\u00f5es divulgadas pela CEC, enviadas a Fides, durante o encontro o pe. Thivierge e a prof. Rosa Aparicio apresentaram um estudo sobre a cultura juvenil nas universidades cat\u00f3licas, realizado em 60 universidades de 35 pa\u00edses de quatro continentes. No que diz respeito \u00e0 cultura juvenil e \u00e0 constru\u00e7\u00e3o da paz, pe. Thivierge destacou que este objetivo ser\u00e1 alcan\u00e7ado com uma forma\u00e7\u00e3o de qualidade, que permita aos jovens \u201cirem al\u00e9m de suas exig\u00eancias e se empenhar em realidades diferentes de suas sociedades&#8221; .<br \/>A prof. Rosa Aparicio destacou ainda que um dos resultados da pesquisa mostra que os jovens t\u00eam pouca propens\u00e3o em assumir uma atitude de transforma\u00e7\u00e3o da sociedade, enquanto suas prioridades s\u00e3o mais pessoais do que sociais. Um problema sem d\u00favida a levar em considera\u00e7\u00e3o para a constru\u00e7\u00e3o da paz.<\/p>\n<p style=\"text-align: justify;\">\u00a0<\/p>\n<p style=\"text-align: justify;\">Fonte: Ag\u00eancia Fides<\/p>\n","protected":false},"excerpt":{"rendered":"<p>Bogot\u00e1 (Ag\u00eancia Fides) \u2013 A paz requer que as pessoas sejam formadas e informadas, para que n\u00e3o esperem por frutos que jamais poder\u00e3o chegar e o processo seja colocado em risco. A universidade, portanto, tem um lugar priorit\u00e1rio na constru\u00e7\u00e3o da paz, e as universidades cat\u00f3licas na Col\u00f4mbia representam uma for\u00e7a importante n\u00e3o somente para [&hellip;]<\/p>\n","protected":false},"author":1,"featured_media":15661,"comment_status":"open","ping_status":"open","sticky":false,"template":"","format":"standard","meta":{"footnotes":""},"categories":[4],"tags":[],"class_list":["post-15662","post","type-post","status-publish","format-standard","has-post-thumbnail","hentry","category-cotidiano"],"_links":{"self":[{"href":"https:\/\/catolicanet.net\/wp-cnet\/wp-json\/wp\/v2\/posts\/15662","targetHints":{"allow":["GET"]}}],"collection":[{"href":"https:\/\/catolicanet.net\/wp-cnet\/wp-json\/wp\/v2\/posts"}],"about":[{"href":"https:\/\/catolicanet.net\/wp-cnet\/wp-json\/wp\/v2\/types\/post"}],"author":[{"embeddable":true,"href":"https:\/\/catolicanet.net\/wp-cnet\/wp-json\/wp\/v2\/users\/1"}],"replies":[{"embeddable":true,"href":"https:\/\/catolicanet.net\/wp-cnet\/wp-json\/wp\/v2\/comments?post=15662"}],"version-history":[{"count":1,"href":"https:\/\/catolicanet.net\/wp-cnet\/wp-json\/wp\/v2\/posts\/15662\/revisions"}],"predecessor-version":[{"id":25703,"href":"https:\/\/catolicanet.net\/wp-cnet\/wp-json\/wp\/v2\/posts\/15662\/revisions\/25703"}],"wp:featuredmedia":[{"embeddable":true,"href":"https:\/\/catolicanet.net\/wp-cnet\/wp-json\/wp\/v2\/media\/15661"}],"wp:attachment":[{"href":"https:\/\/catolicanet.net\/wp-cnet\/wp-json\/wp\/v2\/media?parent=15662"}],"wp:term":[{"taxonomy":"category","embeddable":true,"href":"https:\/\/catolicanet.net\/wp-cnet\/wp-json\/wp\/v2\/categories?post=15662"},{"taxonomy":"post_tag","embeddable":true,"href":"https:\/\/catolicanet.net\/wp-cnet\/wp-json\/wp\/v2\/tags?post=15662"}],"curies":[{"name":"wp","href":"https:\/\/api.w.org\/{rel}","templated":true}]}}