{"id":15652,"date":"2016-06-27T19:11:14","date_gmt":"2016-06-27T22:11:14","guid":{"rendered":"http:\/\/catolicanet.net\/wp-cnet\/2016\/06\/27\/congresso-missionario-reune-seminaristas-em-guarulhos\/"},"modified":"2017-05-31T10:15:28","modified_gmt":"2017-05-31T13:15:28","slug":"congresso-missionario-reune-seminaristas-em-guarulhos","status":"publish","type":"post","link":"https:\/\/catolicanet.net\/wp-cnet\/congresso-missionario-reune-seminaristas-em-guarulhos\/","title":{"rendered":"Congresso Mission\u00e1rio re\u00fane seminaristas em Guarulhos"},"content":{"rendered":"<p style=\"text-align: justify;\"><img decoding=\"async\" src=\"http:\/\/www.catolicanet.com.br\/images\/stories\/noticias\/semi.jpg\" border=\"0\" align=\"left\" \/>O Conselho Mission\u00e1rio de Seminaristas (Comise) do Regional Sul 1 da CNBB (S\u00e3o Paulo), organismo ligado \u00e0 Pontif\u00edcia Uni\u00e3o Mission\u00e1ria, promover\u00e1 seu 2\u00b0 Congresso Mission\u00e1rio Estadual de Seminaristas. O encontro acontecer\u00e1 nos dias 29 de junho a 3 de julho, no Santu\u00e1rio Nossa Senhora do Bonsucesso, em Guarulhos (SP).<\/p>\n<p>O encontro discutir\u00e1 o tema \u201cForma\u00e7\u00e3o Presbiteral para Uma Igreja em Sa\u00edda\u201d. As atividades ser\u00e3o assessoradas por uma equipe constitu\u00edda por dom Esmeraldo Barreto de Farias, presidente da Comiss\u00e3o Episcopal para a A\u00e7\u00e3o Mission\u00e1ria e Coopera\u00e7\u00e3o Intereclesial da CNBB e bispo auxiliar de S\u00e3o Lu\u00eds (MA); padre Jaime C. Patias, IMC, secret\u00e1rio nacional da Pontif\u00edcia Uni\u00e3o Mission\u00e1ria; padre Ant\u00f4nio Ramos do Prado (Padre Toninho), Sdb, assessor nacional da Comiss\u00e3o para Juventude da CNBB e padre Leonardo Lucian Dall Isto.<\/p>\n<p>O lema escolhido para iluminar os trabalhos \u00e9: \u201cA partir do testemunho de alegria e servi\u00e7o de voc\u00eas, fa\u00e7am florescer a civiliza\u00e7\u00e3o do amor\u201d (Papa Francisco).<\/p>\n<p>Durante todo o encontro haver\u00e1 palestras formativas, momentos de espiritualidade, visita\u00e7\u00e3o mission\u00e1ria em uma par\u00f3quia e testemunhos de experi\u00eancias mission\u00e1rias dos seminaristas.<\/p>\n<p>Segundo os organizadores, o objetivo \u00e9 animar e aprimorar a forma\u00e7\u00e3o mission\u00e1ria dos futuros presb\u00edteros em vista de um aut\u00eantico esp\u00edrito mission\u00e1rio. Como disse S\u00e3o Jo\u00e3o Paulo II: \u201cA educa\u00e7\u00e3o dos futuros sacerdotes no esp\u00edrito mission\u00e1rio deve ser tal que o sacerdote se sinta e atue, ali onde se encontre, como um p\u00e1roco do mundo, ao servi\u00e7o de toda a Igreja mission\u00e1ria. Ele \u00e9 o animador nato e o primeiro respons\u00e1vel do despertar da consci\u00eancia mission\u00e1ria dos fi\u00e9is\u201d (DMM, 1990). Esta bela express\u00e3o \u201cp\u00e1roco do mundo\u201d n\u00e3o pode passar despercebida e por isso \u00e9 preciso incentivar e tornar efetivo este esp\u00edrito mission\u00e1rio intr\u00ednseco \u00e0 voca\u00e7\u00e3o presbiteral.<br \/>O n\u00famero de vagas para o Congresso \u00e9 limitado.<\/p>\n<p>Mais informa\u00e7\u00f5es:<br \/>E-mail: comiseguarulhos@gmail.com ou pelo Tel. (11)99752-0446 (Vivo)<br \/>Com o seminarista Erickson Ramos da Silva<\/p>\n<p>Por Erickson Ramos, com informa\u00e7\u00f5es do Comise Sul 1 da CNBB<\/p>\n<p style=\"text-align: justify;\">\u00a0<\/p>\n<p style=\"text-align: justify;\">Fonte: Jovens Conectados<\/p>\n","protected":false},"excerpt":{"rendered":"<p>O Conselho Mission\u00e1rio de Seminaristas (Comise) do Regional Sul 1 da CNBB (S\u00e3o Paulo), organismo ligado \u00e0 Pontif\u00edcia Uni\u00e3o Mission\u00e1ria, promover\u00e1 seu 2\u00b0 Congresso Mission\u00e1rio Estadual de Seminaristas. O encontro acontecer\u00e1 nos dias 29 de junho a 3 de julho, no Santu\u00e1rio Nossa Senhora do Bonsucesso, em Guarulhos (SP). O encontro discutir\u00e1 o tema \u201cForma\u00e7\u00e3o [&hellip;]<\/p>\n","protected":false},"author":1,"featured_media":15651,"comment_status":"open","ping_status":"open","sticky":false,"template":"","format":"standard","meta":{"footnotes":""},"categories":[4],"tags":[],"class_list":["post-15652","post","type-post","status-publish","format-standard","has-post-thumbnail","hentry","category-cotidiano"],"_links":{"self":[{"href":"https:\/\/catolicanet.net\/wp-cnet\/wp-json\/wp\/v2\/posts\/15652","targetHints":{"allow":["GET"]}}],"collection":[{"href":"https:\/\/catolicanet.net\/wp-cnet\/wp-json\/wp\/v2\/posts"}],"about":[{"href":"https:\/\/catolicanet.net\/wp-cnet\/wp-json\/wp\/v2\/types\/post"}],"author":[{"embeddable":true,"href":"https:\/\/catolicanet.net\/wp-cnet\/wp-json\/wp\/v2\/users\/1"}],"replies":[{"embeddable":true,"href":"https:\/\/catolicanet.net\/wp-cnet\/wp-json\/wp\/v2\/comments?post=15652"}],"version-history":[{"count":1,"href":"https:\/\/catolicanet.net\/wp-cnet\/wp-json\/wp\/v2\/posts\/15652\/revisions"}],"predecessor-version":[{"id":25707,"href":"https:\/\/catolicanet.net\/wp-cnet\/wp-json\/wp\/v2\/posts\/15652\/revisions\/25707"}],"wp:featuredmedia":[{"embeddable":true,"href":"https:\/\/catolicanet.net\/wp-cnet\/wp-json\/wp\/v2\/media\/15651"}],"wp:attachment":[{"href":"https:\/\/catolicanet.net\/wp-cnet\/wp-json\/wp\/v2\/media?parent=15652"}],"wp:term":[{"taxonomy":"category","embeddable":true,"href":"https:\/\/catolicanet.net\/wp-cnet\/wp-json\/wp\/v2\/categories?post=15652"},{"taxonomy":"post_tag","embeddable":true,"href":"https:\/\/catolicanet.net\/wp-cnet\/wp-json\/wp\/v2\/tags?post=15652"}],"curies":[{"name":"wp","href":"https:\/\/api.w.org\/{rel}","templated":true}]}}