{"id":15650,"date":"2016-06-27T19:06:14","date_gmt":"2016-06-27T22:06:14","guid":{"rendered":"http:\/\/catolicanet.net\/wp-cnet\/2016\/06\/27\/em-encontro-inter-religioso-dom-francisco-biasin-reforca-a-necessidade-de-paz\/"},"modified":"2017-05-26T15:55:50","modified_gmt":"2017-05-26T18:55:50","slug":"em-encontro-inter-religioso-dom-francisco-biasin-reforca-a-necessidade-de-paz","status":"publish","type":"post","link":"https:\/\/catolicanet.net\/wp-cnet\/em-encontro-inter-religioso-dom-francisco-biasin-reforca-a-necessidade-de-paz\/","title":{"rendered":"Em encontro inter-religioso, dom Francisco Biasin refor\u00e7a a necessidade de paz"},"content":{"rendered":"<p style=\"text-align: justify;\"><img decoding=\"async\" src=\"http:\/\/www.catolicanet.com.br\/images\/stories\/noticias\/inter_religioso.jpg\" border=\"0\" align=\"left\" \/>Evento reuniu representantes de v\u00e1rias religi\u00f5es<\/p>\n<p>O grupo Express\u00e3o Jovem, uma equipe da Par\u00f3quia Santo Ant\u00f4nio, que pertence \u00e0 diocese de Barra do Pira\u00ed-Volta Redonda (RJ), realizou encontro inter-religioso, no dia 18 de junho. O evento reuniu cerca de 100 pessoas, em uma tarde de di\u00e1logo, com representantes de diversas religi\u00f5es.<\/p>\n<p>O bispo diocesano e presidente da Comiss\u00e3o para o Ecumenismo e o Di\u00e1logo Inter-religioso da Confer\u00eancia Nacional dos Bispos do Brasil (CNBB), dom Francisco Biasin, esteve presente no encontro. Para ele, encontros como esse podem ajudar toda a comunidade a caminhar em dire\u00e7\u00e3o \u00e0 paz. \u201cEsses eventos nos ajudam a superar o fundamentalismo e ir ao encontro do di\u00e1logo. Diante do espelho n\u00e3o se dialoga, pois diante das diferen\u00e7as \u00e9 que percebemos as nossas riquezas e tamb\u00e9m as riquezas do outro. O di\u00e1logo possibilita o enriquecimento m\u00fatuo porque somos diferentes\u201d, destacou.<\/p>\n<p>O encontro foi dividido em tr\u00eas momentos. No in\u00edcio, os convidados tiveram a oportunidade de se apresentar ao p\u00fablico, j\u00e1 no segundo momento houve um di\u00e1logo pela busca da paz e, por \u00faltimo, os participantes puderam fazer perguntas aos convidados.<\/p>\n<p> Avalia\u00e7\u00e3o<\/p>\n<p>Esse \u00e9 o segundo evento organizado pela equipe Express\u00e3o Jovem, que uma vez por m\u00eas realiza momentos de reflex\u00e3o. <\/p>\n<p>Para a organizadora do evento, Karla Silva, o grupo busca realizar forma\u00e7\u00f5es aos jovens, com temas que abrangem a atualidade. \u201cO que a gente quer \u00e9 trazer para o jovem uma forma\u00e7\u00e3o. O jovem que est\u00e1 dentro da igreja precisa ter esse conhecimento do mundo e nosso objetivo maior foi a promo\u00e7\u00e3o da paz\u201d, finalizou.<br \/>Com informa\u00e7\u00f5es e foto da diocese de Barra do Pira\u00ed<\/p>\n<p>Fonte: CNBB<\/p>\n","protected":false},"excerpt":{"rendered":"<p>Evento reuniu representantes de v\u00e1rias religi\u00f5es O grupo Express\u00e3o Jovem, uma equipe da Par\u00f3quia Santo Ant\u00f4nio, que pertence \u00e0 diocese de Barra do Pira\u00ed-Volta Redonda (RJ), realizou encontro inter-religioso, no dia 18 de junho. O evento reuniu cerca de 100 pessoas, em uma tarde de di\u00e1logo, com representantes de diversas religi\u00f5es. O bispo diocesano e [&hellip;]<\/p>\n","protected":false},"author":1,"featured_media":15649,"comment_status":"open","ping_status":"open","sticky":false,"template":"","format":"standard","meta":{"footnotes":""},"categories":[7],"tags":[],"class_list":["post-15650","post","type-post","status-publish","format-standard","has-post-thumbnail","hentry","category-cnbb"],"_links":{"self":[{"href":"https:\/\/catolicanet.net\/wp-cnet\/wp-json\/wp\/v2\/posts\/15650","targetHints":{"allow":["GET"]}}],"collection":[{"href":"https:\/\/catolicanet.net\/wp-cnet\/wp-json\/wp\/v2\/posts"}],"about":[{"href":"https:\/\/catolicanet.net\/wp-cnet\/wp-json\/wp\/v2\/types\/post"}],"author":[{"embeddable":true,"href":"https:\/\/catolicanet.net\/wp-cnet\/wp-json\/wp\/v2\/users\/1"}],"replies":[{"embeddable":true,"href":"https:\/\/catolicanet.net\/wp-cnet\/wp-json\/wp\/v2\/comments?post=15650"}],"version-history":[{"count":1,"href":"https:\/\/catolicanet.net\/wp-cnet\/wp-json\/wp\/v2\/posts\/15650\/revisions"}],"predecessor-version":[{"id":23604,"href":"https:\/\/catolicanet.net\/wp-cnet\/wp-json\/wp\/v2\/posts\/15650\/revisions\/23604"}],"wp:featuredmedia":[{"embeddable":true,"href":"https:\/\/catolicanet.net\/wp-cnet\/wp-json\/wp\/v2\/media\/15649"}],"wp:attachment":[{"href":"https:\/\/catolicanet.net\/wp-cnet\/wp-json\/wp\/v2\/media?parent=15650"}],"wp:term":[{"taxonomy":"category","embeddable":true,"href":"https:\/\/catolicanet.net\/wp-cnet\/wp-json\/wp\/v2\/categories?post=15650"},{"taxonomy":"post_tag","embeddable":true,"href":"https:\/\/catolicanet.net\/wp-cnet\/wp-json\/wp\/v2\/tags?post=15650"}],"curies":[{"name":"wp","href":"https:\/\/api.w.org\/{rel}","templated":true}]}}