{"id":15643,"date":"2016-06-27T14:30:46","date_gmt":"2016-06-27T17:30:46","guid":{"rendered":"http:\/\/catolicanet.net\/wp-cnet\/2016\/06\/27\/papa-na-armenia-abandonar-interesses-proprios-em-nome-da-plena-uniao\/"},"modified":"2017-06-02T11:55:47","modified_gmt":"2017-06-02T14:55:47","slug":"papa-na-armenia-abandonar-interesses-proprios-em-nome-da-plena-uniao","status":"publish","type":"post","link":"https:\/\/catolicanet.net\/wp-cnet\/papa-na-armenia-abandonar-interesses-proprios-em-nome-da-plena-uniao\/","title":{"rendered":"Papa na Arm\u00eania: abandonar interesses pr\u00f3prios em nome da plena uni\u00e3o"},"content":{"rendered":"<p style=\"text-align: justify;\"><img decoding=\"async\" src=\"http:\/\/www.catolicanet.com.br\/images\/stories\/papas\/afp5458877_articolo.jpg\" border=\"0\" align=\"left\" \/>O Papa Francisco participou do Encontro Ecum\u00eanico com a Ora\u00e7\u00e3o pela Paz, na tarde de s\u00e1bado (25\/06), na Pra\u00e7a da Rep\u00fablica, em Yerevan. Cerca de 50 mil pessoas participaram da celebra\u00e7\u00e3o, que reuniu cat\u00f3licos e ortodoxos.<\/p>\n<p style=\"text-align: justify;\"><a href=\"http:\/\/media02.radiovaticana.va\/audio\/audio2\/mp3\/00536813.mp3\">Clique aqui para ouvir \u00e1udio.<\/a><\/p>\n<p>&#8220;Vim como peregrino para encontr\u00e1-los e expressar-lhes meus sentimentos de afeto e o abra\u00e7o fraterno de toda a Igreja Cat\u00f3lica, que os ama e lhes \u00e9 solid\u00e1ria\u201d, disse o Pont\u00edfice no in\u00edcio do seu discurso, para recordar os fortes la\u00e7os que unem Roma e a Arm\u00eania.<\/p>\n<p>&#8220;Nos anos passados, gra\u00e7as a Deus, se intensificaram as visitas e os encontros entre as nossas Igrejas, sempre muito cordiais e memor\u00e1veis, expressando a sua gratid\u00e3o a Deus por uma unidade &#8216;real e \u00edntima&#8217; entre ambas as Igrejas&#8221;. <\/p>\n<p>O Papa agradeceu ent\u00e3o pela fidelidade ao Evangelho do povo arm\u00eanio, muitas vezes heroica, dom inestim\u00e1vel para todos os crist\u00e3os.<\/p>\n<p style=\"text-align: justify;\"><a href=\"https:\/\/www.youtube.com\/watch?v=XqAu3_XNWbo\">Clique aqui para assistir v\u00eddeo.<\/a><\/p>\n<p>E acrescentou:<\/p>\n<p>Unidade plena<\/p>\n<p>\u201cPartilhamos com grande alegria os numerosos passos de um caminho, bem avan\u00e7ado, e olhamos com confian\u00e7a para o dia em que, com a ajuda de Deus, estaremos unidos junto ao altar do sacrif\u00edcio de Cristo, na plenitude da comunh\u00e3o eucar\u00edstica. Rumo a esta meta t\u00e3o desejada peregrinamos juntos, abrindo o cora\u00e7\u00e3o ao companheiro de estrada sem temor e sem desconfian\u00e7a\u201d.<\/p>\n<p>Neste trajeto, ressaltou Francisco, somos precedidos e acompanhados por tantas testemunhas e m\u00e1rtires, que selaram com o sangue a f\u00e9 comum em Cristo: elas brilham no c\u00e9u e nos indicam o caminho que ainda temos que percorrer rumo \u00e0 plena comunh\u00e3o. E, ao citar alguns exemplos de unidade arm\u00eanios, o Santo Padre frisou que \u201ca unidade n\u00e3o busca interesses m\u00fatuos, mas a realiza\u00e7\u00e3o do desejo de Jesus, que nos pede para cumprir a nossa miss\u00e3o: oferecer, com coer\u00eancia, o Evangelho ao mundo&#8221;.<\/p>\n<p>E o Papa esclareceu:<\/p>\n<p>Coragem para unir<\/p>\n<p>\u201cNo caminho rumo \u00e0 unidade, somos chamados a ter a coragem de deixar as nossas convic\u00e7\u00f5es r\u00edgidas e os interesses pr\u00f3prios, em nome do amor de Cristo, que se humilhou e se entregou em nome do amor humilde e generoso; este amor atrai a miseric\u00f3rdia do Pai, a b\u00ean\u00e7\u00e3o de Cristo e a abund\u00e2ncia do Esp\u00edrito Santo. Continuemos, decididos, o nosso caminho, ou melhor, corramos para a plena comunh\u00e3o entre n\u00f3s!\u201d<\/p>\n<p>Aqui, o Pont\u00edfice destacou outro aspecto do Encontro Ecum\u00eanico: o dom da paz:<\/p>\n<p>\u201cComo s\u00e3o grandes, hoje, os obst\u00e1culos no caminho da paz e tr\u00e1gicas as consequ\u00eancias das guerras! Penso nas popula\u00e7\u00f5es for\u00e7adas a abandonar tudo, especialmente no Oriente M\u00e9dio, onde muitos dos nossos irm\u00e3os e irm\u00e3s sofrem viol\u00eancias e persegui\u00e7\u00e3o por causa do \u00f3dio e dos conflitos, fomentados pelo flagelo da prolifera\u00e7\u00e3o e do com\u00e9rcio de armas, pela tenta\u00e7\u00e3o de recorrer \u00e0 for\u00e7a e pela falta de respeito pelos seres humanos, sobretudo os mais vulner\u00e1veis, os pobres e os que querem apenas uma vida digna\u201d.<\/p>\n<p>&#8220;Grande mal&#8221;<\/p>\n<p>Neste sentido, o Santo Padre recordou as terr\u00edveis prova\u00e7\u00f5es pelas quais o povo arm\u00eanio passou, h\u00e1 um s\u00e9culo. Este tr\u00e1gico exterm\u00ednio in\u00edquo permanece impresso na mem\u00f3ria e no cora\u00e7\u00e3o de todos. Trata-se de uma advert\u00eancia para que o mundo nunca mais caia na espiral de tais horrores. Os arm\u00eanios, arautos e testemunhas da f\u00e9 crist\u00e3, podem tornar-se sementes de paz e de reconcilia\u00e7\u00e3o para o futuro.<\/p>\n<p>E o Papa exortou sobretudo a juventude do pa\u00eds:<\/p>\n<p>\u201cQueridos jovens, este futuro lhes pertence. Valorizando a grande sabedoria dos seus antepassados, aspirem a se tornar construtores de paz, ativos promotores de uma cultura de encontro e de reconcilia\u00e7\u00e3o. Deus aben\u00e7oe o seu futuro e lhes conceda retomar o caminho de reconcilia\u00e7\u00e3o entre o povo arm\u00eanio e o povo turco, e que a paz possa surgir tamb\u00e9m no Nagorno Karabakh\u201d.<\/p>\n<p>Doutor da Igreja<\/p>\n<p>Nesta perspectiva, o Bispo de Roma evocou outra grande testemunha e art\u00edfice da paz de Cristo na Arm\u00eania: S\u00e3o Greg\u00f3rio de Narek, \u201cDoutor da Igreja\u201d. Ele tamb\u00e9m poderia ser chamado \u201cDoutor da Paz\u201d, como ele mesmo escreveu no seu livro extraordin\u00e1rio, uma verdadeira \u201cconstitui\u00e7\u00e3o espiritual do povo arm\u00eanio\u201d. S\u00e3o Narek, ciente das necessidades do pr\u00f3ximo, quis identificar-se e interceder pelos mais vulner\u00e1veis e os pecadores de todos os tempos e lugares. E o Pont\u00edfice concluiu:<\/p>\n<p>\u201cEsta sua solidariedade universal com a humanidade \u00e9 uma grande mensagem crist\u00e3 de paz, um grito ardente que clama miseric\u00f3rdia para todos. Os arm\u00eanios, presentes em muitos pa\u00edses, aos quais daqui envio um abra\u00e7o fraterno, sejam mensageiros deste anseio de comunh\u00e3o e embaixadores da paz\u201d.<\/p>\n<p>Paz<\/p>\n<p>O mundo inteiro precisa deste an\u00fancio, da presen\u00e7a e do testemunho genu\u00edno do povo arm\u00eanio, disse o Papa, que encerrou seu discurso com a sauda\u00e7\u00e3o na l\u00edngua local: \u201cKha\u2019ra\u2019rutiun amene\u2019tzun\u201d, ou seja, \u201ca paz esteja convosco\u201d!<\/p>\n<p>O encontro ecum\u00eanico de ora\u00e7\u00e3o terminou com um abra\u00e7o fraterno entre o Papa Francisco e o Catholicos Karekin II, que juntos regaram uma videira plantada em uma arca de bronze, doa\u00e7\u00e3o dos Arm\u00eanios ao Papa.<\/p>\n<p style=\"text-align: justify;\">\u00a0<\/p>\n<p style=\"text-align: justify;\">Fonte:\u00a0 R\u00e1dio Vaticano<\/p>\n","protected":false},"excerpt":{"rendered":"<p>O Papa Francisco participou do Encontro Ecum\u00eanico com a Ora\u00e7\u00e3o pela Paz, na tarde de s\u00e1bado (25\/06), na Pra\u00e7a da Rep\u00fablica, em Yerevan. Cerca de 50 mil pessoas participaram da celebra\u00e7\u00e3o, que reuniu cat\u00f3licos e ortodoxos. Clique aqui para ouvir \u00e1udio. &#8220;Vim como peregrino para encontr\u00e1-los e expressar-lhes meus sentimentos de afeto e o abra\u00e7o [&hellip;]<\/p>\n","protected":false},"author":1,"featured_media":15642,"comment_status":"open","ping_status":"open","sticky":false,"template":"","format":"standard","meta":{"footnotes":""},"categories":[3],"tags":[],"class_list":["post-15643","post","type-post","status-publish","format-standard","has-post-thumbnail","hentry","category-vaticano"],"_links":{"self":[{"href":"https:\/\/catolicanet.net\/wp-cnet\/wp-json\/wp\/v2\/posts\/15643","targetHints":{"allow":["GET"]}}],"collection":[{"href":"https:\/\/catolicanet.net\/wp-cnet\/wp-json\/wp\/v2\/posts"}],"about":[{"href":"https:\/\/catolicanet.net\/wp-cnet\/wp-json\/wp\/v2\/types\/post"}],"author":[{"embeddable":true,"href":"https:\/\/catolicanet.net\/wp-cnet\/wp-json\/wp\/v2\/users\/1"}],"replies":[{"embeddable":true,"href":"https:\/\/catolicanet.net\/wp-cnet\/wp-json\/wp\/v2\/comments?post=15643"}],"version-history":[{"count":1,"href":"https:\/\/catolicanet.net\/wp-cnet\/wp-json\/wp\/v2\/posts\/15643\/revisions"}],"predecessor-version":[{"id":28360,"href":"https:\/\/catolicanet.net\/wp-cnet\/wp-json\/wp\/v2\/posts\/15643\/revisions\/28360"}],"wp:featuredmedia":[{"embeddable":true,"href":"https:\/\/catolicanet.net\/wp-cnet\/wp-json\/wp\/v2\/media\/15642"}],"wp:attachment":[{"href":"https:\/\/catolicanet.net\/wp-cnet\/wp-json\/wp\/v2\/media?parent=15643"}],"wp:term":[{"taxonomy":"category","embeddable":true,"href":"https:\/\/catolicanet.net\/wp-cnet\/wp-json\/wp\/v2\/categories?post=15643"},{"taxonomy":"post_tag","embeddable":true,"href":"https:\/\/catolicanet.net\/wp-cnet\/wp-json\/wp\/v2\/tags?post=15643"}],"curies":[{"name":"wp","href":"https:\/\/api.w.org\/{rel}","templated":true}]}}