{"id":15639,"date":"2016-06-27T14:23:17","date_gmt":"2016-06-27T17:23:17","guid":{"rendered":"http:\/\/catolicanet.net\/wp-cnet\/2016\/06\/27\/divina-liturgia-papa-pede-um-futuro-livre-das-divisoes-do-passado\/"},"modified":"2017-06-02T10:17:53","modified_gmt":"2017-06-02T13:17:53","slug":"divina-liturgia-papa-pede-um-futuro-livre-das-divisoes-do-passado","status":"publish","type":"post","link":"https:\/\/catolicanet.net\/wp-cnet\/divina-liturgia-papa-pede-um-futuro-livre-das-divisoes-do-passado\/","title":{"rendered":"Divina Liturgia: Papa pede um futuro livre das divis\u00f5es do passado"},"content":{"rendered":"<p style=\"text-align: justify;\"><img decoding=\"async\" src=\"http:\/\/www.catolicanet.com.br\/images\/stories\/noticias\/ap3508334_articolo.jpg\" border=\"0\" align=\"left\" \/>Terceiro e \u00faltimo dia da Viagem Apost\u00f3lica do Papa Francisco \u00e0 Arm\u00eania.<\/p>\n<p>O Santo Padre iniciou suas atividades na manh\u00e3 deste domingo (26\/06) celebrando Missa, em particular, na Capela da Resid\u00eancia do Supremo Patriarca, Primaz da Igreja Arm\u00eania e Catholicos de todos os Arm\u00eanios, Karekin II, na cidadezinha de Etchmiadzin, onde ficou hospedado nestes dias de perman\u00eancia em terras arm\u00eanias.<\/p>\n<p>Mais tarde, Francisco manteve, na mesma Resid\u00eancia Apost\u00f3lica, um breve encontro informal com os 14 Bispos Arm\u00eanios Cat\u00f3licos,\u00a0 do qual participaram 12 sacerdotes, que exercem seu minist\u00e9rio no pa\u00eds, e alguns membros eminentes da comitiva papal.<\/p>\n<p>A seguir, o Papa deixou a Resid\u00eancia e se dirigiu, de autom\u00f3vel, \u00e0 vizinha Pra\u00e7a de S\u00e3o Tiridate, para participar de uma Divina Liturgia, presidida pelo Catholicos Karekin II.<\/p>\n<p>Ap\u00f3s o pronunciamento do Catholicos de todos os Arm\u00eanios, o Santo Padre tomou a palavra e disse:<\/p>\n<p>\u201cNo \u00e1pice desta visita t\u00e3o desejada e, para mim, j\u00e1 inesquec\u00edvel, desejo elevar ao Senhor a minha gratid\u00e3o, que uno ao grande hino de louvor e a\u00e7\u00e3o de gra\u00e7as, que se eleva deste altar. Vossa Santidade (Karekin II), nestes dias, abriu-me as portas da sua casa e juntos experimentamos \u2018como \u00e9 bom e agrad\u00e1vel que os irm\u00e3os vivam unidos\u2019. Juntos, n\u00f3s nos encontramos, nos abra\u00e7amos fraternalmente, rezamos e partilhamos os dons, as esperan\u00e7as e as preocupa\u00e7\u00f5es da Igreja de Cristo, que acreditamos e sentimos ser \u2018Una\u2019.\u201d<\/p>\n<p>De fato, continuou o Papa, \u201cencontramo-nos, precisamente, sob o signo dos Santos Ap\u00f3stolos. Os Santos Bartolomeu e Tadeu, que proclamaram pela primeira vez o Evangelho nessas terras, e os Santos Pedro e Paulo, que deram a vida pelo Senhor em Roma, certamente se alegram ao ver o nosso afeto e a nossa aspira\u00e7\u00e3o concreta \u00e0 plena comunh\u00e3o\u201d:<\/p>\n<p>Comunh\u00e3o<\/p>\n<p>\u201cQue a b\u00ean\u00e7\u00e3o do Alt\u00edssimo des\u00e7a com abund\u00e2ncia sobre esta terra, por intercess\u00e3o da M\u00e3e de Deus, dos grandes Santos, Doutores e M\u00e1rtires, especialmente a multid\u00e3o de m\u00e1rtires que aqui foram canonizados ano passado. Que o Esp\u00edrito Santo fa\u00e7a dos fi\u00e9is um s\u00f3 cora\u00e7\u00e3o e uma s\u00f3 alma; refunda a nossa unidade; derrame sobre n\u00f3s o seu fogo de amor e unidade e desfa\u00e7a os motivos do nosso \u2018esc\u00e2ndalo\u2019, come\u00e7ando pela falta de unidade entre os disc\u00edpulos de Cristo\u201d.<\/p>\n<p>Francisco continuou fazendo seus votos para que \u201ca Igreja arm\u00eania caminhe em paz e a comunh\u00e3o entre n\u00f3s seja plena; surja em todos um forte anseio de unidade, uma unidade que n\u00e3o deve ser \u2018submiss\u00e3o de um ao outro\u2019, nem absor\u00e7\u00e3o, mas um acolhimento de todos os dons que Deus deu a cada um, para manifestar ao mundo inteiro o grande mist\u00e9rio da salva\u00e7\u00e3o, realizado por Cristo, por meio do Esp\u00edrito Santo\u201d. E o Papa terminou com a exorta\u00e7\u00e3o:<\/p>\n<p>\u201cAcolhamos o apelo dos Santos, ou\u00e7amos a voz dos humildes e dos pobres, das in\u00fameras v\u00edtimas do \u00f3dio, que sofreram e sacrificaram suas vidas pela f\u00e9; prestemos aten\u00e7\u00e3o aos anseios das gera\u00e7\u00f5es mais jovens, que pedem um futuro livre das divis\u00f5es do passado. Que, deste lugar santo, se difunda novamente uma luz radiante! Que \u00e0 luz da f\u00e9, que desde S\u00e3o Greg\u00f3rio Narek iluminou estas terras, se una a luz do amor, que perdoa e reconcilia\u201d.<\/p>\n<p>O Santo Padre concluiu seu discurso com o seguinte encorajamento: \u201cQue n\u00f3s, neste domingo santo, possamos seguir o convite de Deus \u00e0 plena comunh\u00e3o e acelerar o passo rumo \u00e0 verdadeira unidade\u201d.<\/p>\n<p>Por fim, Francisco pediu ao Catholicos de todos os Arm\u00eanios, Karekin II: \u201cEm nome de Deus, pe\u00e7o-lhe que me aben\u00e7oe, aben\u00e7oe a mim e toda a Igreja Cat\u00f3lica, como tamb\u00e9m a nossa corrida rumo \u00e0 plena unidade!<\/p>\n<p style=\"text-align: justify;\">\u00a0<\/p>\n<p style=\"text-align: justify;\">Fonte: R\u00e1dio Vaticano<\/p>\n","protected":false},"excerpt":{"rendered":"<p>Terceiro e \u00faltimo dia da Viagem Apost\u00f3lica do Papa Francisco \u00e0 Arm\u00eania. O Santo Padre iniciou suas atividades na manh\u00e3 deste domingo (26\/06) celebrando Missa, em particular, na Capela da Resid\u00eancia do Supremo Patriarca, Primaz da Igreja Arm\u00eania e Catholicos de todos os Arm\u00eanios, Karekin II, na cidadezinha de Etchmiadzin, onde ficou hospedado nestes dias [&hellip;]<\/p>\n","protected":false},"author":1,"featured_media":15638,"comment_status":"open","ping_status":"open","sticky":false,"template":"","format":"standard","meta":{"footnotes":""},"categories":[3],"tags":[],"class_list":["post-15639","post","type-post","status-publish","format-standard","has-post-thumbnail","hentry","category-vaticano"],"_links":{"self":[{"href":"https:\/\/catolicanet.net\/wp-cnet\/wp-json\/wp\/v2\/posts\/15639","targetHints":{"allow":["GET"]}}],"collection":[{"href":"https:\/\/catolicanet.net\/wp-cnet\/wp-json\/wp\/v2\/posts"}],"about":[{"href":"https:\/\/catolicanet.net\/wp-cnet\/wp-json\/wp\/v2\/types\/post"}],"author":[{"embeddable":true,"href":"https:\/\/catolicanet.net\/wp-cnet\/wp-json\/wp\/v2\/users\/1"}],"replies":[{"embeddable":true,"href":"https:\/\/catolicanet.net\/wp-cnet\/wp-json\/wp\/v2\/comments?post=15639"}],"version-history":[{"count":1,"href":"https:\/\/catolicanet.net\/wp-cnet\/wp-json\/wp\/v2\/posts\/15639\/revisions"}],"predecessor-version":[{"id":27870,"href":"https:\/\/catolicanet.net\/wp-cnet\/wp-json\/wp\/v2\/posts\/15639\/revisions\/27870"}],"wp:featuredmedia":[{"embeddable":true,"href":"https:\/\/catolicanet.net\/wp-cnet\/wp-json\/wp\/v2\/media\/15638"}],"wp:attachment":[{"href":"https:\/\/catolicanet.net\/wp-cnet\/wp-json\/wp\/v2\/media?parent=15639"}],"wp:term":[{"taxonomy":"category","embeddable":true,"href":"https:\/\/catolicanet.net\/wp-cnet\/wp-json\/wp\/v2\/categories?post=15639"},{"taxonomy":"post_tag","embeddable":true,"href":"https:\/\/catolicanet.net\/wp-cnet\/wp-json\/wp\/v2\/tags?post=15639"}],"curies":[{"name":"wp","href":"https:\/\/api.w.org\/{rel}","templated":true}]}}