{"id":15633,"date":"2016-06-27T14:11:51","date_gmt":"2016-06-27T17:11:51","guid":{"rendered":"http:\/\/catolicanet.net\/wp-cnet\/2016\/06\/27\/em-encontro-com-diplomatas-armenios-papa-pede-empenho-pela-paz\/"},"modified":"2017-05-26T15:55:50","modified_gmt":"2017-05-26T18:55:50","slug":"em-encontro-com-diplomatas-armenios-papa-pede-empenho-pela-paz","status":"publish","type":"post","link":"https:\/\/catolicanet.net\/wp-cnet\/em-encontro-com-diplomatas-armenios-papa-pede-empenho-pela-paz\/","title":{"rendered":"Em encontro com diplomatas arm\u00eanios, papa pede empenho pela paz"},"content":{"rendered":"<p style=\"text-align: justify;\"><img decoding=\"async\" src=\"http:\/\/www.catolicanet.com.br\/images\/stories\/papadilp.jpg\" border=\"0\" align=\"left\" \/>\u201cNas disputas internacionais, prevale\u00e7am sempre o di\u00e1logo, a busca constante e genu\u00edna da paz, a colabora\u00e7\u00e3o entre os Estados e o ass\u00edduo empenho das organiza\u00e7\u00f5es internacionais, a fim de se construir um clima de confian\u00e7a prop\u00edcio a alcan\u00e7ar acordos duradouros, que olhem para a frente, para o futuro\u201d, disse o papa Francisco em encontro com o presidente da Arm\u00eania, Serzh Sargsyan, e corpo diplom\u00e1tico, na tarde da sexta-feira, 24. <\/p>\n<p>No discurso, Francisco recordou a hist\u00f3ria do pa\u00eds e momentos dif\u00edceis vividos pelos povos, citou a persegui\u00e7\u00e3o religiosa que ainda \u00e9 realidade em tantas partes do mundo e enalteceu a f\u00e9 do povo arm\u00eanio, que conseguiu superar as dificuldades.<\/p>\n<p>\u201cPresto homenagem ao povo arm\u00eanio que, iluminado pela luz do Evangelho, mesmo nos momentos mais tr\u00e1gicos da sua hist\u00f3ria, sempre encontrou na Cruz e na Ressurrei\u00e7\u00e3o de Cristo a for\u00e7a para se levantar de novo e retomar o caminho com dignidade\u201d, disse o papa.<\/p>\n<p>Confira a \u00edntegra do discurso. <\/p>\n<p>Viagem do Papa Francisco \u00e0 Arm\u00eania \u2013 24 a 26 de junho de 2016<\/p>\n<p>Encontro com as autoridades, a sociedade civil e o corpo diplom\u00e1tico<\/p>\n<p>Pal\u00e1cio presidencial de Yerevan<\/p>\n<p>Sexta-feira, 24 de junho de 2016<\/p>\n<p>Boletim da Santa S\u00e9<\/p>\n<p>Senhor Presidente,<\/p>\n<p>Distintas Autoridades,<\/p>\n<p>Ilustres Membros do Corpo Diplom\u00e1tico,<\/p>\n<p>Senhores e Senhoras!<\/p>\n<p>Para mim \u00e9 motivo de grande alegria poder estar aqui, tocar o solo desta terra arm\u00eania t\u00e3o querida, visitar um povo de antigas e ricas tradi\u00e7\u00f5es, que testemunhou corajosamente a sua f\u00e9, que sofreu muito mas sempre voltou a renascer.<\/p>\n<p>\u00abO nosso c\u00e9u turqu\u00eas, as \u00e1guas l\u00edmpidas, o lago de luz, o sol de ver\u00e3o e, de inverno, o galhardo vento norte, (\u2026) a pedra dos mil\u00eanios, (\u2026) os livros gravados com o estilete, feitos ora\u00e7\u00e3o\u00bb (Elise Ciarenz, Ode \u00e0 Arm\u00eania). Estas s\u00e3o algumas das imagens impressionantes que um ilustre poeta vosso oferece para nos iluminar sobre a profundidade da hist\u00f3ria e sobre a beleza da natureza da Arm\u00eania. Encerram, em poucas express\u00f5es, o eco e a densidade da experi\u00eancia gloriosa e dram\u00e1tica dum povo e o amor comovido pela sua p\u00e1tria.<\/p>\n<p>Agrade\u00e7o-lhe vivamente, Senhor Presidente, as palavras gentis de boas-vindas, que me dirigiu em nome do Governo e dos habitantes da Arm\u00eania, e a possibilidade que me deu, com o seu am\u00e1vel convite, de retribuir a visita que o Senhor Presidente fez ao Vaticano, no ano passado, para participar numa solene celebra\u00e7\u00e3o na Bas\u00edlica de S\u00e3o Pedro, juntamente com Suas Santidades Karekin II, Patriarca Supremo e Catholicos de Todos os Arm\u00eanios, Aram I, Catholicos da Grande Casa de Cil\u00edcia, e Sua Beatitude Nerses Bedros XIX, Patriarca de Cil\u00edcia dos Arm\u00eanios, recentemente falecido. Naquela ocasi\u00e3o, comemorou-se o centen\u00e1rio do Metz Yegh\u00e9rn, o \u00abGrande Mal\u00bb, que atingiu o vosso povo e causou a morte duma multid\u00e3o enorme de pessoas. Aquela trag\u00e9dia, aquele genoc\u00eddio, marcou o in\u00edcio, infelizmente, do triste elenco das imensas cat\u00e1strofes do s\u00e9culo passado, tornadas poss\u00edveis por aberrantes motiva\u00e7\u00f5es raciais, ideol\u00f3gicas ou religiosas, que ofuscaram a mente dos verdugos at\u00e9 ao ponto de se prefixarem o intuito de aniquilar povos inteiros. \u00c9 muito triste, seja nesse como nos outros dois, as grandes pot\u00eancias internacionais estavam olhando do outro lado.<\/p>\n<p>Presto homenagem ao povo arm\u00eanio, que, iluminado pela luz do Evangelho, mesmo nos momentos mais tr\u00e1gicos da sua hist\u00f3ria, sempre encontrou na Cruz e na Ressurrei\u00e7\u00e3o de Cristo a for\u00e7a para se levantar de novo e retomar o caminho com dignidade. Isto revela como s\u00e3o profundas as ra\u00edzes da f\u00e9 crist\u00e3 e que tesouro infinito de consola\u00e7\u00e3o e esperan\u00e7a a mesma encerra. Tendo diante dos nossos olhos os resultados nefastos a que conduziram, no s\u00e9culo passado, o \u00f3dio, o preconceito e a ambi\u00e7\u00e3o desenfreada de dom\u00ednio, espero vivamente que a humanidade saiba tirar daquelas experi\u00eancias tr\u00e1gicas a li\u00e7\u00e3o de agir, com responsabilidade e sabedoria, para evitar os perigos de recair em tais horrores. Por isso multipliquem-se os esfor\u00e7os, por parte de todos, por que, nas disputas internacionais, prevale\u00e7am sempre o di\u00e1logo, a busca constante e genu\u00edna da paz, a colabora\u00e7\u00e3o entre os Estados e o ass\u00edduo empenho das organiza\u00e7\u00f5es internacionais, a fim de se construir um clima de confian\u00e7a prop\u00edcio a alcan\u00e7ar acordos duradouros, que olhem para a frente, para o futuro.<\/p>\n<p>A Igreja Cat\u00f3lica deseja colaborar ativamente com todos aqueles que t\u00eam no cora\u00e7\u00e3o o destino da civiliza\u00e7\u00e3o e o respeito pelos direitos da pessoa humana, para fazer prevalecer no mundo os valores espirituais, desmascarando quantos deturpam o seu significado e beleza. A prop\u00f3sito, \u00e9 de import\u00e2ncia vital que quantos declaram a sua f\u00e9 em Deus unam as suas for\u00e7as para isolar quem quer que use a religi\u00e3o para levar a cabo projetos de guerra, opress\u00e3o e persegui\u00e7\u00e3o violenta, instrumentalizando e manipulando o Santo Nome de Deus.<\/p>\n<p>Hoje, em alguns lugares, particularmente os crist\u00e3os \u2013 como e talvez mais do que na \u00e9poca dos primeiros m\u00e1rtires \u2013 s\u00e3o discriminados e perseguidos pelo simples fato de professarem a sua f\u00e9, ao mesmo tempo que demasiados conflitos em v\u00e1rias \u00e1reas do mundo permanecem ainda sem solu\u00e7\u00f5es positivas, causando lutos, destrui\u00e7\u00f5es e migra\u00e7\u00f5es for\u00e7adas de popula\u00e7\u00f5es inteiras. Por isso, \u00e9 indispens\u00e1vel que os respons\u00e1veis pelo destino das na\u00e7\u00f5es empreendam, com coragem e sem tardar, iniciativas destinadas a p\u00f4r fim a estes sofrimentos, fazendo da busca da paz, da defesa e do acolhimento das pessoas que s\u00e3o alvo de agress\u00f5es e persegui\u00e7\u00f5es, da promo\u00e7\u00e3o da justi\u00e7a e dum desenvolvimento sustent\u00e1vel os seus objetivos prim\u00e1rios. O povo arm\u00eanio experimentou estas situa\u00e7\u00f5es na pr\u00f3pria carne; conhece o sofrimento e a dor, conhece a persegui\u00e7\u00e3o; guarda na sua mem\u00f3ria n\u00e3o s\u00f3 as feridas do passado, mas tamb\u00e9m o esp\u00edrito que sempre lhe permitiu come\u00e7ar de novo. Neste sentido, encorajo-o a prestar a sua valiosa contribui\u00e7\u00e3o \u00e0 comunidade internacional.<\/p>\n<p>Este ano tem lugar o 25\u00ba anivers\u00e1rio da independ\u00eancia da Arm\u00eania. \u00c9 uma circunst\u00e2ncia feliz que nos alegra e d\u00e1 ocasi\u00e3o para lembrar os objetivos alcan\u00e7ados e propor-se novas metas a atingir. Os festejos por esta jubilosa ocorr\u00eancia ser\u00e3o ainda mais significativos, se se tornarem para todos os arm\u00eanios, na p\u00e1tria e na di\u00e1spora, um momento especial de reunir e coordenar as energias com o objetivo de favorecer um desenvolvimento civil e social, igualit\u00e1rio e inclusivo, do pa\u00eds. Trata-se de verificar constantemente que nunca se falte aos imperativos morais de justi\u00e7a social para todos e de solidariedade para com os fracos e os menos afortunados [cf. Jo\u00e3o Paulo II, Discurso de Despedida da Arm\u00eania, 27 de setembro de 2001: Insegnamenti XXIV\/2 (2001), 489]. A hist\u00f3ria do vosso pa\u00eds caminha lado a lado com a sua identidade crist\u00e3, preservada no decurso dos s\u00e9culos. Esta identidade, longe de obstaculizar a s\u00e3 laicidade do Estado, exige-a e alimenta-a, estimulando a cidadania participativa de todos os membros da sociedade, a liberdade religiosa e o respeito pelas minorias. A coes\u00e3o de todos os arm\u00eanios e o maior esfor\u00e7o por identificar estradas \u00fateis para superar as tens\u00f5es com alguns pa\u00edses vizinhos tornar\u00e3o mais f\u00e1cil realizar estes objetivos importantes, inaugurando uma \u00e9poca de verdadeiro renascimento para a Arm\u00eania.<\/p>\n<p>A Igreja Cat\u00f3lica por seu lado, apesar dos limitados recursos humanos da sua presen\u00e7a no pa\u00eds, de bom grado oferece a sua contribui\u00e7\u00e3o para o crescimento da sociedade, particularmente na sua a\u00e7\u00e3o a favor dos mais vulner\u00e1veis e dos mais pobres, nas \u00e1reas da sa\u00fade e da educa\u00e7\u00e3o e no campo espec\u00edfico da caridade, como testemunham o trabalho desenvolvido h\u00e1 vinte e cinco anos pelo hospital \u00abRedemptoris Mater\u00bb em Ashotzk, a atividade do instituto educativo em Ierevan, as iniciativas da Caritas Arm\u00eania e as obras geridas pelas congrega\u00e7\u00f5es religiosas.<\/p>\n<p>Deus aben\u00e7oe e proteja a Arm\u00eania, terra iluminada pela f\u00e9, pela coragem dos m\u00e1rtires, pela esperan\u00e7a mais forte do que toda a dor.<\/p>\n<p><\/p>\n","protected":false},"excerpt":{"rendered":"<p>\u201cNas disputas internacionais, prevale\u00e7am sempre o di\u00e1logo, a busca constante e genu\u00edna da paz, a colabora\u00e7\u00e3o entre os Estados e o ass\u00edduo empenho das organiza\u00e7\u00f5es internacionais, a fim de se construir um clima de confian\u00e7a prop\u00edcio a alcan\u00e7ar acordos duradouros, que olhem para a frente, para o futuro\u201d, disse o papa Francisco em encontro com [&hellip;]<\/p>\n","protected":false},"author":1,"featured_media":15632,"comment_status":"open","ping_status":"open","sticky":false,"template":"","format":"standard","meta":{"footnotes":""},"categories":[7],"tags":[],"class_list":["post-15633","post","type-post","status-publish","format-standard","has-post-thumbnail","hentry","category-cnbb"],"_links":{"self":[{"href":"https:\/\/catolicanet.net\/wp-cnet\/wp-json\/wp\/v2\/posts\/15633","targetHints":{"allow":["GET"]}}],"collection":[{"href":"https:\/\/catolicanet.net\/wp-cnet\/wp-json\/wp\/v2\/posts"}],"about":[{"href":"https:\/\/catolicanet.net\/wp-cnet\/wp-json\/wp\/v2\/types\/post"}],"author":[{"embeddable":true,"href":"https:\/\/catolicanet.net\/wp-cnet\/wp-json\/wp\/v2\/users\/1"}],"replies":[{"embeddable":true,"href":"https:\/\/catolicanet.net\/wp-cnet\/wp-json\/wp\/v2\/comments?post=15633"}],"version-history":[{"count":1,"href":"https:\/\/catolicanet.net\/wp-cnet\/wp-json\/wp\/v2\/posts\/15633\/revisions"}],"predecessor-version":[{"id":23606,"href":"https:\/\/catolicanet.net\/wp-cnet\/wp-json\/wp\/v2\/posts\/15633\/revisions\/23606"}],"wp:featuredmedia":[{"embeddable":true,"href":"https:\/\/catolicanet.net\/wp-cnet\/wp-json\/wp\/v2\/media\/15632"}],"wp:attachment":[{"href":"https:\/\/catolicanet.net\/wp-cnet\/wp-json\/wp\/v2\/media?parent=15633"}],"wp:term":[{"taxonomy":"category","embeddable":true,"href":"https:\/\/catolicanet.net\/wp-cnet\/wp-json\/wp\/v2\/categories?post=15633"},{"taxonomy":"post_tag","embeddable":true,"href":"https:\/\/catolicanet.net\/wp-cnet\/wp-json\/wp\/v2\/tags?post=15633"}],"curies":[{"name":"wp","href":"https:\/\/api.w.org\/{rel}","templated":true}]}}