{"id":15628,"date":"2016-06-27T13:09:11","date_gmt":"2016-06-27T16:09:11","guid":{"rendered":"http:\/\/catolicanet.net\/wp-cnet\/2016\/06\/27\/sao-pedro-e-sao-paulo-3\/"},"modified":"2017-05-08T11:09:23","modified_gmt":"2017-05-08T14:09:23","slug":"sao-pedro-e-sao-paulo-3","status":"publish","type":"post","link":"https:\/\/catolicanet.net\/wp-cnet\/sao-pedro-e-sao-paulo-3\/","title":{"rendered":"S\u00e3o Pedro e S\u00e3o Paulo"},"content":{"rendered":"<p style=\"text-align: justify;\">O mart\u00edrio dos dois grandes ap\u00f3stolos em Roma foi sempre recordado com venera\u00e7\u00e3o pelos crist\u00e3os de todo o mundo.<br \/>Pedro nasceu em Betsaida, na Galileia. Casado ele morava em Cafarnaum quando\u00a0 conheceu Jesus. Em seu primeiro encontro com Jesus, ouviu-o dizer: \u201cTu \u00e9 Sim\u00e3o, filho de Jo\u00e3o; ser\u00e1s chamado Cefas (que quer dizer pedra)\u201d. Dar-lhe um novo nome queria indicar-lhe a miss\u00e3o a que estava destinado. Na \u00faltima conversa de Jesus com Pedro, Jesus lhe profetizou o mart\u00edrio. Enfim, vazio de si mesmo e revestido do Esp\u00edrito do seu Senhor, podia edificar a Igreja \u2013 a casa que o Ressuscitado habitaria at\u00e9 o fim do mundo \u2013 e testemunhar com o sangue a pr\u00f3pria f\u00e9.<br \/>Os ensinamentos de Pedro foram o cavalo de batalha de Paulo para defender a liberdade evang\u00e9lica dos convertidos do paganismo.<br \/>S\u00e3o Paulo nasceu em Tarso da Cil\u00edcia. Al\u00e9m de ser judeu, era tamb\u00e9m cidad\u00e3o romano. Destacou-se, inicialmente como um implac\u00e1vel perseguidor das comunidades crist\u00e3s. Sua convers\u00e3o ocorreu de modo inesperado a caminho de Damasco, quando liderava uma persegui\u00e7\u00e3o contra os crist\u00e3os daquela cidade. Jesus Ressuscitado apareceu-lhe e o derrubou do cavalo, transformando-o de cruel perseguidor dos crist\u00e3os em ardoroso ap\u00f3stolo dos gentios. A partir desse momento, Paulo consagrou a sua vida ao servi\u00e7o de Cristo, viajando por todo o mundo conhecido do seu tempo, anunciando o Evangelho de Jesus Cristo e o mist\u00e9rio de sua paix\u00e3o, morte e ressurrei\u00e7\u00e3o. <br \/>S\u00e3o Pedro e S\u00e3o Paulo s\u00e3o os principais pilares do cristianismo, desde o seu nascimento.<br \/>Eus\u00e9bio de Cesareia, em sua Hist\u00f3ria Eclesi\u00e1stica, diz: \u201cUm s\u00f3 dia da paix\u00e3o para os dois ap\u00f3stolos, mas aqueles dois eram uma s\u00f3 coisa; sim, embora tenham sofrido em dias diferentes, eram uma coisa s\u00f3. Primeiro precedeu Pedro, seguiu-o, depois, Paulo. Celebramos o dia festivo dos Ap\u00f3stolos, consagrado para n\u00f3s pelo seu sangue. Amemos a f\u00e9, a vida, as fadigas, as confiss\u00f5es, as prega\u00e7\u00f5es\u201d.<\/p>\n","protected":false},"excerpt":{"rendered":"<p>O mart\u00edrio dos dois grandes ap\u00f3stolos em Roma foi sempre recordado com venera\u00e7\u00e3o pelos crist\u00e3os de todo o mundo.Pedro nasceu em Betsaida, na Galileia. Casado ele morava em Cafarnaum quando\u00a0 conheceu Jesus. Em seu primeiro encontro com Jesus, ouviu-o dizer: \u201cTu \u00e9 Sim\u00e3o, filho de Jo\u00e3o; ser\u00e1s chamado Cefas (que quer dizer pedra)\u201d. Dar-lhe um [&hellip;]<\/p>\n","protected":false},"author":10,"featured_media":0,"comment_status":"open","ping_status":"open","sticky":false,"template":"","format":"standard","meta":{"footnotes":""},"categories":[9],"tags":[],"class_list":["post-15628","post","type-post","status-publish","format-standard","hentry","category-artigos"],"_links":{"self":[{"href":"https:\/\/catolicanet.net\/wp-cnet\/wp-json\/wp\/v2\/posts\/15628","targetHints":{"allow":["GET"]}}],"collection":[{"href":"https:\/\/catolicanet.net\/wp-cnet\/wp-json\/wp\/v2\/posts"}],"about":[{"href":"https:\/\/catolicanet.net\/wp-cnet\/wp-json\/wp\/v2\/types\/post"}],"author":[{"embeddable":true,"href":"https:\/\/catolicanet.net\/wp-cnet\/wp-json\/wp\/v2\/users\/10"}],"replies":[{"embeddable":true,"href":"https:\/\/catolicanet.net\/wp-cnet\/wp-json\/wp\/v2\/comments?post=15628"}],"version-history":[{"count":1,"href":"https:\/\/catolicanet.net\/wp-cnet\/wp-json\/wp\/v2\/posts\/15628\/revisions"}],"predecessor-version":[{"id":21476,"href":"https:\/\/catolicanet.net\/wp-cnet\/wp-json\/wp\/v2\/posts\/15628\/revisions\/21476"}],"wp:attachment":[{"href":"https:\/\/catolicanet.net\/wp-cnet\/wp-json\/wp\/v2\/media?parent=15628"}],"wp:term":[{"taxonomy":"category","embeddable":true,"href":"https:\/\/catolicanet.net\/wp-cnet\/wp-json\/wp\/v2\/categories?post=15628"},{"taxonomy":"post_tag","embeddable":true,"href":"https:\/\/catolicanet.net\/wp-cnet\/wp-json\/wp\/v2\/tags?post=15628"}],"curies":[{"name":"wp","href":"https:\/\/api.w.org\/{rel}","templated":true}]}}