{"id":15627,"date":"2016-06-27T13:05:40","date_gmt":"2016-06-27T16:05:40","guid":{"rendered":"http:\/\/catolicanet.net\/wp-cnet\/2016\/06\/27\/obolo-de-sao-pedro-4\/"},"modified":"2017-05-08T11:09:49","modified_gmt":"2017-05-08T14:09:49","slug":"obolo-de-sao-pedro-4","status":"publish","type":"post","link":"https:\/\/catolicanet.net\/wp-cnet\/obolo-de-sao-pedro-4\/","title":{"rendered":"\u00d3bolo de S\u00e3o Pedro"},"content":{"rendered":"<p style=\"text-align: justify;\">A cada ano, por ocasi\u00e3o da Festa de S\u00e3o Pedro e de S\u00e3o Paulo, a Igreja \u00e9 chamada a unir-se, estritamente, ao Sucessor do Ap\u00f3stolo Pedro com uma coleta conhecida como \u00d3bolo de S\u00e3o Pedro. Chama-se \u00d3bolo de S\u00e3o Pedro a ajuda que os fieis oferecem ao Santo Padre como sinal de ades\u00e3o \u00e0 solicitude do sucessor de Pedro relativamente \u00e0s m\u00faltiplas car\u00eancias da Igreja universal e \u00e0s obras de caridade em favor dos mais necessitados. Esta coleta tem um significado especial, neste ano da miseric\u00f3rdia, quando a Esmolaria Pontif\u00edcia, que cuida do atendimento dos mais necessitados em nome do Papa, est\u00e1 desenvolvendo m\u00faltiplas atividades caritativas em favor dos mais humildes, que est\u00e3o em situa\u00e7\u00e3o de pobreza na cidade eterna. Assim j\u00e1 foram feitas a Barbearia, inaugurado um novo albergue, foram constru\u00eddos chuveiros, banheiros, e \u00e9 distribu\u00edda comida para os mais humildes e sem casa de Roma. Tudo isso \u00e9 poss\u00edvel gra\u00e7as a esta coleta especial, chamada \u00d3bolo de S\u00e3o Pedro, que \u00e9 feito em todas as par\u00f3quias, em todas as missas desta solenidade, e enviados na sua integralidade pelos Bispos Diocesanos para o Bispo de Roma.<br \/>O \u00d3bolo de S\u00e3o Pedro nasceu com o pr\u00f3prio cristianismo a pr\u00e1tica de sustentar materialmente aqueles que t\u00eam a miss\u00e3o de anunciar o Evangelho, a fim de poderem entregar-se inteiramente ao seu minist\u00e9rio, tomando cuidado tamb\u00e9m dos mais necessitados.<br \/>No final do s\u00e9culo VII, os anglo-sax\u00f5es, depois de sua convers\u00e3o, sentiram-se t\u00e3o ligados ao Bispo de Roma que decidiram enviar, de maneira est\u00e1vel, um contributo anual ao Santo Padre. <br \/>Assim nasceu o \u201cDenarius Sancti Petri\u201d (esmola de S\u00e3o Pedro), que rapidamente se espalhou pelos pa\u00edses da Europa.<br \/>Esta pr\u00e1tica sofreu grandes vicissitudes ao longo dos s\u00e9culos, at\u00e9 que foi consagrada pelo Papa Pio IX atrav\u00e9s de sua enc\u00edclica \u201cSaepe Venerabilis\u201d, de 03\/08\/1871.<br \/>Esta coleta realiza-se atualmente em todo o mundo cat\u00f3lico, na sua maior parte, no dia 29 de junho ou, no caso do Brasil, no domingo mais pr\u00f3ximo da Festa de S\u00e3o Pedro e S\u00e3o Paulo.<br \/>No primeiro ano de seu pontificado, o Papa Bento XVI deu \u00eanfase ao significado particular do \u00f3bolo. Segundo ele, a Igreja nunca poder\u00e1 ser dispensada da pr\u00e1tica da caridade enquanto atividade organizada. Trata-se de uma ajuda que \u00e9 sempre animada pelo amor que vem de Deus.<br \/>O Papa Francisco diz que toda ajuda, por menor que seja, \u00e9 muito importante. Significa uni\u00e3o e participa\u00e7\u00e3o de toda a Igreja Cat\u00f3lica. Ao ajudar o Papa Francisco com nosso generoso \u00f3bolo estamos minorando a dor dos que sofrem, a fome dos que nada tem para comer e a solicitude do Papa nas muitas cat\u00e1strofes que estamos assistindo. Sejamos generosos. S\u00e3o Pedro, rogai por n\u00f3s!<\/p>\n","protected":false},"excerpt":{"rendered":"<p>A cada ano, por ocasi\u00e3o da Festa de S\u00e3o Pedro e de S\u00e3o Paulo, a Igreja \u00e9 chamada a unir-se, estritamente, ao Sucessor do Ap\u00f3stolo Pedro com uma coleta conhecida como \u00d3bolo de S\u00e3o Pedro. Chama-se \u00d3bolo de S\u00e3o Pedro a ajuda que os fieis oferecem ao Santo Padre como sinal de ades\u00e3o \u00e0 solicitude [&hellip;]<\/p>\n","protected":false},"author":10,"featured_media":0,"comment_status":"open","ping_status":"open","sticky":false,"template":"","format":"standard","meta":{"footnotes":""},"categories":[9],"tags":[],"class_list":["post-15627","post","type-post","status-publish","format-standard","hentry","category-artigos"],"_links":{"self":[{"href":"https:\/\/catolicanet.net\/wp-cnet\/wp-json\/wp\/v2\/posts\/15627","targetHints":{"allow":["GET"]}}],"collection":[{"href":"https:\/\/catolicanet.net\/wp-cnet\/wp-json\/wp\/v2\/posts"}],"about":[{"href":"https:\/\/catolicanet.net\/wp-cnet\/wp-json\/wp\/v2\/types\/post"}],"author":[{"embeddable":true,"href":"https:\/\/catolicanet.net\/wp-cnet\/wp-json\/wp\/v2\/users\/10"}],"replies":[{"embeddable":true,"href":"https:\/\/catolicanet.net\/wp-cnet\/wp-json\/wp\/v2\/comments?post=15627"}],"version-history":[{"count":1,"href":"https:\/\/catolicanet.net\/wp-cnet\/wp-json\/wp\/v2\/posts\/15627\/revisions"}],"predecessor-version":[{"id":21477,"href":"https:\/\/catolicanet.net\/wp-cnet\/wp-json\/wp\/v2\/posts\/15627\/revisions\/21477"}],"wp:attachment":[{"href":"https:\/\/catolicanet.net\/wp-cnet\/wp-json\/wp\/v2\/media?parent=15627"}],"wp:term":[{"taxonomy":"category","embeddable":true,"href":"https:\/\/catolicanet.net\/wp-cnet\/wp-json\/wp\/v2\/categories?post=15627"},{"taxonomy":"post_tag","embeddable":true,"href":"https:\/\/catolicanet.net\/wp-cnet\/wp-json\/wp\/v2\/tags?post=15627"}],"curies":[{"name":"wp","href":"https:\/\/api.w.org\/{rel}","templated":true}]}}