{"id":15607,"date":"2016-06-24T14:13:05","date_gmt":"2016-06-24T17:13:05","guid":{"rendered":"http:\/\/catolicanet.net\/wp-cnet\/2016\/06\/24\/nuncio-que-sobreviveu-a-atentado-na-siria-esperamos-que-haja-paz\/"},"modified":"2017-05-31T10:15:32","modified_gmt":"2017-05-31T13:15:32","slug":"nuncio-que-sobreviveu-a-atentado-na-siria-esperamos-que-haja-paz","status":"publish","type":"post","link":"https:\/\/catolicanet.net\/wp-cnet\/nuncio-que-sobreviveu-a-atentado-na-siria-esperamos-que-haja-paz\/","title":{"rendered":"N\u00fancio que sobreviveu a atentado na S\u00edria: Esperamos que haja paz"},"content":{"rendered":"<p style=\"text-align: justify;\"><img decoding=\"async\" src=\"http:\/\/www.catolicanet.com.br\/images\/stories\/noticias\/callehomssiria_xinhua_panchaoyue_220616.jpg\" border=\"0\" align=\"left\" \/>O N\u00fancio Apost\u00f3lico na S\u00edria, Dom Mario Zenari, que sobreviveu a um atentado em sua resid\u00eancia em novembro de 2015, lamentou a \u201csitua\u00e7\u00e3o verdadeiramente catastr\u00f3fica\u201d que se vive no pa\u00eds e expressou seu desejo de que \u201clogo haja paz\u201d.<\/p>\n<p>Entrevistado no dia 20 de junho em Roma por Elda Masini, em coordena\u00e7\u00e3o com o Pe. Sergio Angel Galindo P\u00e9rez, para o seman\u00e1rio \u00c2ngelus da Arquidiocese de Puebla (M\u00e9xico), Dom Zenari recordou que em novembro do ano passado, aproximadamente \u00e0s 6h30 sentiu uma explos\u00e3o muito forte em sua casa em Alepo, na S\u00edria.<\/p>\n<p>O N\u00fancio conseguiu se proteger embaixo da sua cama. Seu colaborador chegou pouco depois e lhe informou que algu\u00e9m havia lan\u00e7ado um aparato explosivo no seu terra\u00e7o, onde costumava rezar de manh\u00e3.<\/p>\n<p>Para Dom Zenari, estava claro que a m\u00e3o de Deus o havia salvado de uma morte violenta.<\/p>\n<p>A situa\u00e7\u00e3o na S\u00edria, indicou, foi \u201cdefinida v\u00e1rias vezes pelas Na\u00e7\u00f5es Unidas e outras associa\u00e7\u00f5es humanit\u00e1rias como uma situa\u00e7\u00e3o verdadeiramente catastr\u00f3fica\u201d.<\/p>\n<p>\u201cBasta pensar na quantidade de pessoas que precisa de assist\u00eancia a cada dia, pessoas que h\u00e1 4 anos esperam em alguns lugares a ajuda humanit\u00e1ria que n\u00e3o pode chegar devido a este conflito\u201d.<\/p>\n<p>O N\u00fancio indicou que a guerra entre o governo e grupos rebeldes, entre os que est\u00e3o vinculados a Al Qaeda e o pr\u00f3prio Estado Isl\u00e2mico, \u201ccome\u00e7ou h\u00e1 aproximadamente cinco anos e acho que se trata da maior cat\u00e1strofe humanit\u00e1ria depois da Segunda Guerra Mundial\u201d.<\/p>\n<p>\u201cOs acordos internacionais n\u00e3o s\u00e3o respeitados, h\u00e1 cerca de meio milh\u00e3o de v\u00edtimas, das quais aproximadamente duas milh\u00f5es est\u00e3o feridas\u201d, expressou.<\/p>\n<p>Ao referir-se aos s\u00edrios que tiveram que abandonar o pa\u00eds, indicou que \u201ccerca de 4 milh\u00f5es e meio se refugiaram em pa\u00edses vizinhos e outros na Europa e alguns inclusive tiveram que emigrar \u00e0 Am\u00e9rica do Sul\u201d.<\/p>\n<p>\u201cEm rela\u00e7\u00e3o aos crist\u00e3os\u201d, indicou, depois da Segunda Guerra Mundial a percentagem que habitava na S\u00edria \u201cera de 36%\u201d. \u201cCom o passar dos anos, diminuiu at\u00e9 antes do conflito, no qual se calculava uma percentagem de 6%. Atualmente, devido \u00e0 guerra, permaneceram a metade deles que habitam na S\u00edria, infelizmente apenas 2 ou 3% de crist\u00e3os\u201d.<\/p>\n<p>Dom Zenari lamentou que \u201cmuitos crist\u00e3os que atualmente vivem como refugiados em outros pa\u00edses afirmaram que n\u00e3o voltar\u00e3o para seu lar porque se sentiriam discriminados\u201d.<\/p>\n<p>O N\u00fancio tamb\u00e9m exortou a receber os refugiados que fogem da viol\u00eancia no Oriente M\u00e9dio. \u201cRefugiados s\u00e3o pessoas como todos n\u00f3s, mas a guerra tirou a sua casa, seu trabalho, sua fam\u00edlia e amigos\u201d.<\/p>\n<p style=\"text-align: justify;\">\u00a0<\/p>\n<p style=\"text-align: justify;\">Fonte: Acidigital<\/p>\n","protected":false},"excerpt":{"rendered":"<p>O N\u00fancio Apost\u00f3lico na S\u00edria, Dom Mario Zenari, que sobreviveu a um atentado em sua resid\u00eancia em novembro de 2015, lamentou a \u201csitua\u00e7\u00e3o verdadeiramente catastr\u00f3fica\u201d que se vive no pa\u00eds e expressou seu desejo de que \u201clogo haja paz\u201d. Entrevistado no dia 20 de junho em Roma por Elda Masini, em coordena\u00e7\u00e3o com o Pe. [&hellip;]<\/p>\n","protected":false},"author":1,"featured_media":15606,"comment_status":"open","ping_status":"open","sticky":false,"template":"","format":"standard","meta":{"footnotes":""},"categories":[4],"tags":[],"class_list":["post-15607","post","type-post","status-publish","format-standard","has-post-thumbnail","hentry","category-cotidiano"],"_links":{"self":[{"href":"https:\/\/catolicanet.net\/wp-cnet\/wp-json\/wp\/v2\/posts\/15607","targetHints":{"allow":["GET"]}}],"collection":[{"href":"https:\/\/catolicanet.net\/wp-cnet\/wp-json\/wp\/v2\/posts"}],"about":[{"href":"https:\/\/catolicanet.net\/wp-cnet\/wp-json\/wp\/v2\/types\/post"}],"author":[{"embeddable":true,"href":"https:\/\/catolicanet.net\/wp-cnet\/wp-json\/wp\/v2\/users\/1"}],"replies":[{"embeddable":true,"href":"https:\/\/catolicanet.net\/wp-cnet\/wp-json\/wp\/v2\/comments?post=15607"}],"version-history":[{"count":1,"href":"https:\/\/catolicanet.net\/wp-cnet\/wp-json\/wp\/v2\/posts\/15607\/revisions"}],"predecessor-version":[{"id":25717,"href":"https:\/\/catolicanet.net\/wp-cnet\/wp-json\/wp\/v2\/posts\/15607\/revisions\/25717"}],"wp:featuredmedia":[{"embeddable":true,"href":"https:\/\/catolicanet.net\/wp-cnet\/wp-json\/wp\/v2\/media\/15606"}],"wp:attachment":[{"href":"https:\/\/catolicanet.net\/wp-cnet\/wp-json\/wp\/v2\/media?parent=15607"}],"wp:term":[{"taxonomy":"category","embeddable":true,"href":"https:\/\/catolicanet.net\/wp-cnet\/wp-json\/wp\/v2\/categories?post=15607"},{"taxonomy":"post_tag","embeddable":true,"href":"https:\/\/catolicanet.net\/wp-cnet\/wp-json\/wp\/v2\/tags?post=15607"}],"curies":[{"name":"wp","href":"https:\/\/api.w.org\/{rel}","templated":true}]}}