{"id":15601,"date":"2016-06-24T13:54:28","date_gmt":"2016-06-24T16:54:28","guid":{"rendered":"http:\/\/catolicanet.net\/wp-cnet\/2016\/06\/24\/na-armenia-papa-pede-testemunhar-cristo-frente-as-divisoes-do-mundo\/"},"modified":"2017-05-31T10:15:34","modified_gmt":"2017-05-31T13:15:34","slug":"na-armenia-papa-pede-testemunhar-cristo-frente-as-divisoes-do-mundo","status":"publish","type":"post","link":"https:\/\/catolicanet.net\/wp-cnet\/na-armenia-papa-pede-testemunhar-cristo-frente-as-divisoes-do-mundo\/","title":{"rendered":"Na Arm\u00eania Papa pede testemunhar Cristo frente \u00e0s divis\u00f5es do mundo"},"content":{"rendered":"<p style=\"text-align: justify;\"><img decoding=\"async\" src=\"http:\/\/www.catolicanet.com.br\/images\/stories\/papas\/armeniapapahablacatedral.jpg\" border=\"0\" align=\"left\" \/>O primeiro lugar ao qual o Papa Francisco se dirigiu em sua viagem apost\u00f3lica \u00e0 Arm\u00eania foi a Catedral Arm\u00eania Apost\u00f3lica da Santa Etchmiadzin, onde falou da f\u00e9 no pa\u00eds e do ecumenismo e da fraternidade frente \u00e0s divis\u00f5es que vivem no mundo de hoje.<\/p>\n<p>\u201cO mundo est\u00e1, infelizmente, marcado por divis\u00f5es e conflitos, bem como por graves formas de pobreza material e espiritual, incluindo a explora\u00e7\u00e3o das pessoas, mesmo de crian\u00e7as e idosos, e espera dos crist\u00e3os um testemunho de estima m\u00fatua e colabora\u00e7\u00e3o fraterna, que fa\u00e7a resplandecer diante de cada consci\u00eancia o poder e a verdade da Ressurrei\u00e7\u00e3o de Cristo\u201d, disse.<\/p>\n<p>\u201cO esfor\u00e7o paciente e renovado rumo \u00e0 unidade plena, a intensifica\u00e7\u00e3o das iniciativas comuns e a colabora\u00e7\u00e3o entre todos os disc\u00edpulos do Senhor tendo em vista o bem comum s\u00e3o como que uma luz refulgente na noite escura e um apelo a viver, na caridade e compreens\u00e3o m\u00fatua, as pr\u00f3prias diferen\u00e7as\u201d, afirmou na sauda\u00e7\u00e3o.<\/p>\n<p>Na opini\u00e3o do Santo Padre, \u201co esp\u00edrito ecum\u00eanico adquire valor exemplar mesmo fora das fronteiras vis\u00edveis da comunidade eclesial, constituindo para todos uma forte chamada a compor as diverg\u00eancias atrav\u00e9s do di\u00e1logo e valoriza\u00e7\u00e3o de tudo aquilo que une\u201d.<\/p>\n<p>\u201cAl\u00e9m disso impede a instrumentaliza\u00e7\u00e3o e manipula\u00e7\u00e3o da f\u00e9, porque obriga a redescobrir as suas ra\u00edzes genu\u00ednas, a comunicar, defender e difundir a verdade no respeito pela dignidade de cada ser humano e segundo modalidades em que transpare\u00e7a a presen\u00e7a daquele amor e daquela salva\u00e7\u00e3o que se quer espalhar\u201d.<\/p>\n<p>\u201cDeste modo, oferece-se ao mundo \u2013 extremamente necessitado \u2013 um testemunho convincente de que Cristo est\u00e1 vivo e ativo, capaz de abrir caminhos de reconcilia\u00e7\u00e3o sempre novos entre as na\u00e7\u00f5es, as civiliza\u00e7\u00f5es e as religi\u00f5es. Atesta-se e torna-se cred\u00edvel que Deus \u00e9 amor e miseric\u00f3rdia\u201d, acrescentou.<\/p>\n<p>O Papa tamb\u00e9m pediu para \u201cpara harmonizar os conflitos que dilaceram a vida civil e cavam divis\u00f5es dif\u00edceis de curar\u201d, com a ajuda de Cristo.<\/p>\n<p>O segundo assunto abordado por Francisco foi a f\u00e9 do povo arm\u00eanio e deu gra\u00e7as porque conferiu \u00e0 Arm\u00eania \u201ca sua identidade peculiar e a tornou mensageira de Cristo entre as na\u00e7\u00f5es\u201d.<\/p>\n<p>\u201cCristo \u00e9 a vossa gl\u00f3ria, a vossa luz, o sol que vos iluminou e deu uma nova vida, que vos acompanhou e amparou, especialmente nos momentos de maior prova\u00e7\u00e3o. Curvo-me diante da miseric\u00f3rdia do Senhor, que quis que a Arm\u00eania se tornasse a primeira na\u00e7\u00e3o, desde o ano de 301, a acolher o cristianismo como sua religi\u00e3o, numa \u00e9poca em que grassavam ainda as persegui\u00e7\u00f5es no Imp\u00e9rio Romano\u201d.<\/p>\n<p>Francisco sublinhou que, \u201cpara a Arm\u00eania, a f\u00e9 em Cristo n\u00e3o foi uma esp\u00e9cie de vestido que se p\u00f5e ou tira segundo as circunst\u00e2ncias e conveni\u00eancias, mas um elemento constitutivo da sua pr\u00f3pria identidade, um dom de enorme valor que se h\u00e1 de acolher com alegria e guardar com empenho e fortaleza, \u00e0 custa da pr\u00f3pria vida\u201d.<\/p>\n<p style=\"text-align: justify;\">\u00a0<\/p>\n<p style=\"text-align: justify;\">Fonte: Acidigital<\/p>\n","protected":false},"excerpt":{"rendered":"<p>O primeiro lugar ao qual o Papa Francisco se dirigiu em sua viagem apost\u00f3lica \u00e0 Arm\u00eania foi a Catedral Arm\u00eania Apost\u00f3lica da Santa Etchmiadzin, onde falou da f\u00e9 no pa\u00eds e do ecumenismo e da fraternidade frente \u00e0s divis\u00f5es que vivem no mundo de hoje. \u201cO mundo est\u00e1, infelizmente, marcado por divis\u00f5es e conflitos, bem [&hellip;]<\/p>\n","protected":false},"author":1,"featured_media":15600,"comment_status":"open","ping_status":"open","sticky":false,"template":"","format":"standard","meta":{"footnotes":""},"categories":[4],"tags":[],"class_list":["post-15601","post","type-post","status-publish","format-standard","has-post-thumbnail","hentry","category-cotidiano"],"_links":{"self":[{"href":"https:\/\/catolicanet.net\/wp-cnet\/wp-json\/wp\/v2\/posts\/15601","targetHints":{"allow":["GET"]}}],"collection":[{"href":"https:\/\/catolicanet.net\/wp-cnet\/wp-json\/wp\/v2\/posts"}],"about":[{"href":"https:\/\/catolicanet.net\/wp-cnet\/wp-json\/wp\/v2\/types\/post"}],"author":[{"embeddable":true,"href":"https:\/\/catolicanet.net\/wp-cnet\/wp-json\/wp\/v2\/users\/1"}],"replies":[{"embeddable":true,"href":"https:\/\/catolicanet.net\/wp-cnet\/wp-json\/wp\/v2\/comments?post=15601"}],"version-history":[{"count":1,"href":"https:\/\/catolicanet.net\/wp-cnet\/wp-json\/wp\/v2\/posts\/15601\/revisions"}],"predecessor-version":[{"id":25720,"href":"https:\/\/catolicanet.net\/wp-cnet\/wp-json\/wp\/v2\/posts\/15601\/revisions\/25720"}],"wp:featuredmedia":[{"embeddable":true,"href":"https:\/\/catolicanet.net\/wp-cnet\/wp-json\/wp\/v2\/media\/15600"}],"wp:attachment":[{"href":"https:\/\/catolicanet.net\/wp-cnet\/wp-json\/wp\/v2\/media?parent=15601"}],"wp:term":[{"taxonomy":"category","embeddable":true,"href":"https:\/\/catolicanet.net\/wp-cnet\/wp-json\/wp\/v2\/categories?post=15601"},{"taxonomy":"post_tag","embeddable":true,"href":"https:\/\/catolicanet.net\/wp-cnet\/wp-json\/wp\/v2\/tags?post=15601"}],"curies":[{"name":"wp","href":"https:\/\/api.w.org\/{rel}","templated":true}]}}