{"id":15591,"date":"2016-06-24T13:30:53","date_gmt":"2016-06-24T16:30:53","guid":{"rendered":"http:\/\/catolicanet.net\/wp-cnet\/2016\/06\/24\/colombia-assinatura-de-uma-paz-verdadeira-e-nao-simbolica\/"},"modified":"2017-06-02T10:06:13","modified_gmt":"2017-06-02T13:06:13","slug":"colombia-assinatura-de-uma-paz-verdadeira-e-nao-simbolica","status":"publish","type":"post","link":"https:\/\/catolicanet.net\/wp-cnet\/colombia-assinatura-de-uma-paz-verdadeira-e-nao-simbolica\/","title":{"rendered":"Col\u00f4mbia: assinatura de uma paz verdadeira e n\u00e3o simb\u00f3lica"},"content":{"rendered":"<p style=\"text-align: justify;\"><img decoding=\"async\" src=\"http:\/\/www.catolicanet.com.br\/images\/stories\/noticias\/ap3504944_articolo.jpg\" border=\"0\" align=\"left\" \/>Em uma cerim\u00f4nia em Havana, o presidente colombiano Juan Manuel Santos e o comandante das For\u00e7as Armadas Revolucion\u00e1rias da Col\u00f4mbia (FARC), Rodrigo Londono, chegaram a um acordo sobre o cessar-fogo bilateral e definitivo, e o desarmamento dos rebeldes. O acordo p\u00f5e fim ao conflito que se arrasta no pa\u00eds h\u00e1 52 anos e que causou mais de 220 mil mortes.<\/p>\n<p>\u201cPrecisamos de um sinal claro de que o acordo de paz seja efetivo e n\u00e3o apenas um ato simb\u00f3lico\u201d, disse Dom Luis Augusto Castro Quiroga, Arcebispo de Tunja e Presidente da Confer\u00eancia Episcopal da Col\u00f4mbia depois que \u2013 refere a ag\u00eancia Fides -, foi anunciada para esta sexta-feira a assinatura do \u00faltimo dos pontos dos \u201cDi\u00e1logos de Paz\u201d em Cuba pelo Governo colombiano e o grupo guerrilheiro FARC (For\u00e7as Armadas Revolucion\u00e1rias da Col\u00f4mbia).<\/p>\n<p>A popula\u00e7\u00e3o quer ver imediatamente os efeitos do acordo<\/p>\n<p>\u201cOs guerrilheiros devem entregar e destruir as armas em p\u00fablico\u201d, acrescentou o Arcebispo. Dom Quiroga tamb\u00e9m recordou algumas informa\u00e7\u00f5es n\u00e3o verificadas que se espalharam pelo pa\u00eds sobre a possibilidade de que a guerrilha possa retomar as cidades. O arcebispo se fez ent\u00e3o int\u00e9rprete da necessidade de assegurar o povo colombiano. \u201cA popula\u00e7\u00e3o quer ver imediatamente os efeitos do acordo\u201d, sublinhou Dom Castro Quiroga.<\/p>\n<p>Trata-se de um momento hist\u00f3rico para a Col\u00f4mbia<\/p>\n<p>\u201cAs delega\u00e7\u00f5es do governo nacional e das FARC informam a opini\u00e3o p\u00fablica que chegaram a um acordo sobre cessar-fogo e sobre o fim definitivo das hostilidades\u201d afirma o comunicado conjunto dos negociadores colombianos divulgado na noite desta quinta-feira em Havana. Trata-se de um momento hist\u00f3rico para a Col\u00f4mbia, visto que a assinatura do acordo significa concluir o conflito armado que dura mais de 50 anos.<\/p>\n<p style=\"text-align: justify;\">\u00a0<\/p>\n<p style=\"text-align: justify;\">Fonte: R\u00e1dio Vaticano<\/p>\n","protected":false},"excerpt":{"rendered":"<p>Em uma cerim\u00f4nia em Havana, o presidente colombiano Juan Manuel Santos e o comandante das For\u00e7as Armadas Revolucion\u00e1rias da Col\u00f4mbia (FARC), Rodrigo Londono, chegaram a um acordo sobre o cessar-fogo bilateral e definitivo, e o desarmamento dos rebeldes. O acordo p\u00f5e fim ao conflito que se arrasta no pa\u00eds h\u00e1 52 anos e que causou [&hellip;]<\/p>\n","protected":false},"author":1,"featured_media":15590,"comment_status":"open","ping_status":"open","sticky":false,"template":"","format":"standard","meta":{"footnotes":""},"categories":[3],"tags":[],"class_list":["post-15591","post","type-post","status-publish","format-standard","has-post-thumbnail","hentry","category-vaticano"],"_links":{"self":[{"href":"https:\/\/catolicanet.net\/wp-cnet\/wp-json\/wp\/v2\/posts\/15591","targetHints":{"allow":["GET"]}}],"collection":[{"href":"https:\/\/catolicanet.net\/wp-cnet\/wp-json\/wp\/v2\/posts"}],"about":[{"href":"https:\/\/catolicanet.net\/wp-cnet\/wp-json\/wp\/v2\/types\/post"}],"author":[{"embeddable":true,"href":"https:\/\/catolicanet.net\/wp-cnet\/wp-json\/wp\/v2\/users\/1"}],"replies":[{"embeddable":true,"href":"https:\/\/catolicanet.net\/wp-cnet\/wp-json\/wp\/v2\/comments?post=15591"}],"version-history":[{"count":1,"href":"https:\/\/catolicanet.net\/wp-cnet\/wp-json\/wp\/v2\/posts\/15591\/revisions"}],"predecessor-version":[{"id":27803,"href":"https:\/\/catolicanet.net\/wp-cnet\/wp-json\/wp\/v2\/posts\/15591\/revisions\/27803"}],"wp:featuredmedia":[{"embeddable":true,"href":"https:\/\/catolicanet.net\/wp-cnet\/wp-json\/wp\/v2\/media\/15590"}],"wp:attachment":[{"href":"https:\/\/catolicanet.net\/wp-cnet\/wp-json\/wp\/v2\/media?parent=15591"}],"wp:term":[{"taxonomy":"category","embeddable":true,"href":"https:\/\/catolicanet.net\/wp-cnet\/wp-json\/wp\/v2\/categories?post=15591"},{"taxonomy":"post_tag","embeddable":true,"href":"https:\/\/catolicanet.net\/wp-cnet\/wp-json\/wp\/v2\/tags?post=15591"}],"curies":[{"name":"wp","href":"https:\/\/api.w.org\/{rel}","templated":true}]}}