{"id":15569,"date":"2016-06-23T17:59:35","date_gmt":"2016-06-23T20:59:35","guid":{"rendered":"http:\/\/catolicanet.net\/wp-cnet\/2016\/06\/23\/nossa-senhora-que-derruba-os-muros-um-icone-da-resistencia-crista\/"},"modified":"2017-05-31T10:16:51","modified_gmt":"2017-05-31T13:16:51","slug":"nossa-senhora-que-derruba-os-muros-um-icone-da-resistencia-crista","status":"publish","type":"post","link":"https:\/\/catolicanet.net\/wp-cnet\/nossa-senhora-que-derruba-os-muros-um-icone-da-resistencia-crista\/","title":{"rendered":"Nossa Senhora que derruba os muros: um \u00edcone da resist\u00eancia crist\u00e3"},"content":{"rendered":"<p style=\"text-align: justify;\"><img decoding=\"async\" src=\"http:\/\/www.catolicanet.com.br\/images\/stories\/santo\/nossa-senhora-que-derruba-os-muros.jpg\" border=\"0\" align=\"left\" \/>E uma ora\u00e7\u00e3o pela queda de todos os muros do nosso \u00f3dio e ego\u00edsmo<\/p>\n<p>Os graffiti no muro de separa\u00e7\u00e3o entre os territ\u00f3rios israelense e palestino, cheios de mensagens pol\u00edticas e sociais, sempre foram uma forma de protesto contra as medidas arbitr\u00e1rias do Estado de Israel.<\/p>\n<p>No muro de concreto de oito metros de altura, no bairro do mosteiro do Emanuel em Bel\u00e9m, foi pintado em 2010, com inspira\u00e7\u00e3o de fi\u00e9is locais e estrangeiros, um \u00edcone todo especial: o de \u201cNossa Senhora que derruba os muros\u201c.<\/p>\n<p>A clara mensagem de esperan\u00e7a tamb\u00e9m destaca, em paralelo, a atual dificuldade dos membros daquela comunidade para amarem uns aos outros.<\/p>\n<p>O icon\u00f3grafo Ian Knowles, autor da obra, conta que se inspirou num discurso do Papa Bento XVI durante uma Assembleia Especial para o Oriente M\u00e9dio, no mesmo ano de 2010. O Santo Padre citou o cap\u00edtulo doze do Apocalipse, que fala de uma mulher vestida do sol, prestes a dar \u00e0 luz entre gritos de dor. Ian Knowles interpretou o cap\u00edtulo como uma profecia do sofrimento dos crist\u00e3os no Oriente M\u00e9dio: \u201cImaginei a figura de Maria, gr\u00e1vida, vestida de sol, perseguida por uma besta que quer devorar o seu filhinho\u201c.<\/p>\n<p>Antes da visita do Papa Francisco \u00e0 Terra Santa, no muro que precede o \u00edcone, foi grafitada uma longa serpente que devorava crian\u00e7as: uma evoca\u00e7\u00e3o verdadeiramente prof\u00e9tica, perto da imagem de Nossa Senhora.<\/p>\n<p>\u201cNo \u00edcone de Maria\u201d, continua Ian Knowles, \u201cpodemos ver a m\u00e3o da Virgem tocando a pr\u00f3pria cabe\u00e7a, como se sentisse uma grande dor. O sofrimento dos crist\u00e3os \u00e9 acolhido pelo cora\u00e7\u00e3o materno de Maria. A sua rela\u00e7\u00e3o com os crist\u00e3os daqui \u00e9 a rela\u00e7\u00e3o de uma m\u00e3e que sofre. Outro elemento importante da imagem: o bra\u00e7o e o manto s\u00e3o mantidos abertos, como lugar de ref\u00fagio e seguran\u00e7a\u201d.<\/p>\n<p>Ora\u00e7\u00e3o a Nossa Senhora que derruba os muros<\/p>\n<p>Santa M\u00e3e de Deus,<br \/>n\u00f3s te invocamos como M\u00e3e da Igreja,<br \/>M\u00e3e de todos os crist\u00e3os que sofrem.<\/p>\n<p>N\u00f3s te pedimos, pela tua ardente intercess\u00e3o,<br \/>que derrubes este muro,<br \/>os muros dos nossos cora\u00e7\u00f5es<br \/>e todos os muros que geram \u00f3dio, viol\u00eancia, medo e indiferen\u00e7a,<br \/>entre os homens e entre os povos.<\/p>\n<p>Tu, cujo \u201cfa\u00e7a-se\u201d esmagou a antiga serpente,<br \/>junta-nos e nos mant\u00e9m unidos sob o teu manto virginal!<br \/>Protege-nos de todo o mal<br \/>e abre para sempre, em nossas vidas, a porta da esperan\u00e7a.<\/p>\n<p>Gera em n\u00f3s e no mundo todo<br \/>a civiliza\u00e7\u00e3o do Amor, que surgiu da Cruz e da Ressurrei\u00e7\u00e3o do teu Filho Divino,<br \/>Jesus Cristo, nosso Salvador,<br \/>que vive e reina para sempre.<\/p>\n<p>Am\u00e9m.<\/p>\n<p style=\"text-align: justify;\">\u00a0<\/p>\n<p style=\"text-align: justify;\">Fonte: Aleteia<\/p>\n","protected":false},"excerpt":{"rendered":"<p>E uma ora\u00e7\u00e3o pela queda de todos os muros do nosso \u00f3dio e ego\u00edsmo Os graffiti no muro de separa\u00e7\u00e3o entre os territ\u00f3rios israelense e palestino, cheios de mensagens pol\u00edticas e sociais, sempre foram uma forma de protesto contra as medidas arbitr\u00e1rias do Estado de Israel. No muro de concreto de oito metros de altura, [&hellip;]<\/p>\n","protected":false},"author":1,"featured_media":15568,"comment_status":"open","ping_status":"open","sticky":false,"template":"","format":"standard","meta":{"footnotes":""},"categories":[4],"tags":[],"class_list":["post-15569","post","type-post","status-publish","format-standard","has-post-thumbnail","hentry","category-cotidiano"],"_links":{"self":[{"href":"https:\/\/catolicanet.net\/wp-cnet\/wp-json\/wp\/v2\/posts\/15569","targetHints":{"allow":["GET"]}}],"collection":[{"href":"https:\/\/catolicanet.net\/wp-cnet\/wp-json\/wp\/v2\/posts"}],"about":[{"href":"https:\/\/catolicanet.net\/wp-cnet\/wp-json\/wp\/v2\/types\/post"}],"author":[{"embeddable":true,"href":"https:\/\/catolicanet.net\/wp-cnet\/wp-json\/wp\/v2\/users\/1"}],"replies":[{"embeddable":true,"href":"https:\/\/catolicanet.net\/wp-cnet\/wp-json\/wp\/v2\/comments?post=15569"}],"version-history":[{"count":1,"href":"https:\/\/catolicanet.net\/wp-cnet\/wp-json\/wp\/v2\/posts\/15569\/revisions"}],"predecessor-version":[{"id":25728,"href":"https:\/\/catolicanet.net\/wp-cnet\/wp-json\/wp\/v2\/posts\/15569\/revisions\/25728"}],"wp:featuredmedia":[{"embeddable":true,"href":"https:\/\/catolicanet.net\/wp-cnet\/wp-json\/wp\/v2\/media\/15568"}],"wp:attachment":[{"href":"https:\/\/catolicanet.net\/wp-cnet\/wp-json\/wp\/v2\/media?parent=15569"}],"wp:term":[{"taxonomy":"category","embeddable":true,"href":"https:\/\/catolicanet.net\/wp-cnet\/wp-json\/wp\/v2\/categories?post=15569"},{"taxonomy":"post_tag","embeddable":true,"href":"https:\/\/catolicanet.net\/wp-cnet\/wp-json\/wp\/v2\/tags?post=15569"}],"curies":[{"name":"wp","href":"https:\/\/api.w.org\/{rel}","templated":true}]}}