{"id":15563,"date":"2016-06-23T16:25:19","date_gmt":"2016-06-23T19:25:19","guid":{"rendered":"http:\/\/catolicanet.net\/wp-cnet\/2016\/06\/23\/este-e-um-convite-para-voce\/"},"modified":"2017-05-31T10:16:51","modified_gmt":"2017-05-31T13:16:51","slug":"este-e-um-convite-para-voce","status":"publish","type":"post","link":"https:\/\/catolicanet.net\/wp-cnet\/este-e-um-convite-para-voce\/","title":{"rendered":"Este \u00e9 um convite para voc\u00ea:"},"content":{"rendered":"<p style=\"text-align: justify;\">\u201cEu convido a todos, juntos com a Ajuda \u00e0 Igreja que Sofre, a fazer em cada lugar do mundo uma obra concreta de miseric\u00f3rdia, uma estrutura para tantas necessidades que existem hoje no mundo.\u201d<br \/>Papa Francisco<\/p>\n<p>\u00c9 dif\u00edcil deixar o cora\u00e7\u00e3o quieto quando o pedido vem justamente de um cora\u00e7\u00e3o inquieto: do Papa Francisco. Um cora\u00e7\u00e3o que quer mudar o mundo para melhor; que muda a vida n\u00e3o s\u00f3 de quem o encontra, mas tamb\u00e9m de quem dedica apenas um minuto para ouvir suas palavras. Foi o que aconteceu com a Ajuda \u00e0 Igreja que Sofre. Quando ele recebeu a visita dos seus representantes quis come\u00e7ar ali mesmo a fazer algo grandioso: \u201ccomo seria belo se em cada diocese, como recorda\u00e7\u00e3o, digamos, como &#8216;monumento&#8217; deste Ano da Miseric\u00f3rdia, se erguesse uma estrutura de miseric\u00f3rdia\u201d. Pediu que algu\u00e9m pegasse o celular e gravasse uma mensagem com o apoio dele ali mesmo, naquela hora. Porque o bem tem pressa de acontecer e aqueles que precisam, precisam agora.<\/p>\n<p>Vamos seguir o exemplo do Papa e n\u00e3o adiar o bem que podemos fazer agora. Nesta p\u00e1gina, al\u00e9m do v\u00eddeo com a mensagem do Papa Francisco, voc\u00ea encontrar\u00e1 projetos concretos que est\u00e3o acontecendo e s\u00f3 faltam uma pe\u00e7a fundamental para serem concretizados: sua ajuda!<\/p>\n<p><a href=\"http:\/\/www.ais.org.br\/misericordia\" target=\"_blank\">http:\/\/www.ais.org.br\/misericordia<\/a><\/p>\n<p style=\"text-align: justify;\">\u00a0<\/p>\n<p style=\"text-align: justify;\">\u00a0<\/p>\n<p style=\"text-align: justify;\"><span> <\/span><\/p>\n<p style=\"text-align: justify;\">Fonte: AIS<\/p>\n","protected":false},"excerpt":{"rendered":"<p>\u201cEu convido a todos, juntos com a Ajuda \u00e0 Igreja que Sofre, a fazer em cada lugar do mundo uma obra concreta de miseric\u00f3rdia, uma estrutura para tantas necessidades que existem hoje no mundo.\u201dPapa Francisco \u00c9 dif\u00edcil deixar o cora\u00e7\u00e3o quieto quando o pedido vem justamente de um cora\u00e7\u00e3o inquieto: do Papa Francisco. Um cora\u00e7\u00e3o [&hellip;]<\/p>\n","protected":false},"author":1,"featured_media":0,"comment_status":"open","ping_status":"open","sticky":false,"template":"","format":"standard","meta":{"footnotes":""},"categories":[4],"tags":[],"class_list":["post-15563","post","type-post","status-publish","format-standard","hentry","category-cotidiano"],"_links":{"self":[{"href":"https:\/\/catolicanet.net\/wp-cnet\/wp-json\/wp\/v2\/posts\/15563","targetHints":{"allow":["GET"]}}],"collection":[{"href":"https:\/\/catolicanet.net\/wp-cnet\/wp-json\/wp\/v2\/posts"}],"about":[{"href":"https:\/\/catolicanet.net\/wp-cnet\/wp-json\/wp\/v2\/types\/post"}],"author":[{"embeddable":true,"href":"https:\/\/catolicanet.net\/wp-cnet\/wp-json\/wp\/v2\/users\/1"}],"replies":[{"embeddable":true,"href":"https:\/\/catolicanet.net\/wp-cnet\/wp-json\/wp\/v2\/comments?post=15563"}],"version-history":[{"count":1,"href":"https:\/\/catolicanet.net\/wp-cnet\/wp-json\/wp\/v2\/posts\/15563\/revisions"}],"predecessor-version":[{"id":25729,"href":"https:\/\/catolicanet.net\/wp-cnet\/wp-json\/wp\/v2\/posts\/15563\/revisions\/25729"}],"wp:attachment":[{"href":"https:\/\/catolicanet.net\/wp-cnet\/wp-json\/wp\/v2\/media?parent=15563"}],"wp:term":[{"taxonomy":"category","embeddable":true,"href":"https:\/\/catolicanet.net\/wp-cnet\/wp-json\/wp\/v2\/categories?post=15563"},{"taxonomy":"post_tag","embeddable":true,"href":"https:\/\/catolicanet.net\/wp-cnet\/wp-json\/wp\/v2\/tags?post=15563"}],"curies":[{"name":"wp","href":"https:\/\/api.w.org\/{rel}","templated":true}]}}