{"id":15560,"date":"2016-06-23T14:44:41","date_gmt":"2016-06-23T17:44:41","guid":{"rendered":"http:\/\/catolicanet.net\/wp-cnet\/2016\/06\/23\/um-beijo-do-papa-e-oracoes-de-milhares-apoiam-luta-de-uma-familia-pela-vida-da-sua-filha\/"},"modified":"2017-05-31T10:16:52","modified_gmt":"2017-05-31T13:16:52","slug":"um-beijo-do-papa-e-oracoes-de-milhares-apoiam-luta-de-uma-familia-pela-vida-da-sua-filha","status":"publish","type":"post","link":"https:\/\/catolicanet.net\/wp-cnet\/um-beijo-do-papa-e-oracoes-de-milhares-apoiam-luta-de-uma-familia-pela-vida-da-sua-filha\/","title":{"rendered":"Um beijo do Papa e ora\u00e7\u00f5es de milhares apoiam luta de uma fam\u00edlia pela vida da sua filha"},"content":{"rendered":"<p style=\"text-align: justify;\"><img decoding=\"async\" src=\"http:\/\/www.catolicanet.com.br\/images\/stories\/noticias\/giannamasciantoniopapafrancisc.jpg\" border=\"0\" align=\"left\" \/>No ano passado, enquanto percorria as ruas da Filad\u00e9lfia, o Papa Francisco deteve o papam\u00f3vel para beijar Gianna, beb\u00ea que sofre de um tumor cerebral inoper\u00e1vel. Seus pais asseguram que este gesto simples mudou a vida da sua fam\u00edlia e com as ora\u00e7\u00f5es de milhares, para surpresa dos m\u00e9dicos, a menina continua melhorando.<\/p>\n<p>Gianna nasceu em setembro de 2014 e os m\u00e9dicos descobriram um tumor em seu c\u00e9rebro algumas semanas depois. Seu pai, Joey Masciantonio, disse a Eyewitness News que \u201cesse beijo significou mais para minha fam\u00edlia do que qualquer pessoa possa imaginar\u201d.<\/p>\n<p>A fam\u00edlia Masciantonio conseguiu aproximar-se do Papa Francisco gra\u00e7as aos membros do FBI, pois chamaram a aten\u00e7\u00e3o do Pont\u00edfice quando estava a caminho do Independence Mall, onde se encontraria com a comunidade hisp\u00e2nica e os imigrantes.<\/p>\n<p>O Santo Padre beijou a menina Gianna justamente perto do tumor.<\/p>\n<p>\u201cNenhuma das pessoas que estavam na rua sabiam que algo mal se passava com Gianna, nem sabiam nada sobre sua condi\u00e7\u00e3o. O Papa tamb\u00e9m n\u00e3o sabia que ela tinha um tumor inoper\u00e1vel no c\u00e9rebro\u201d, comentou Don Asper, um dos agentes especiais do FBI que ajudou a fam\u00edlia.\u00a0 <\/p>\n<p>O FBI preparou uma surpresa para a fam\u00edlia. Conseguiram o aut\u00f3grafo do Papa Francisco em uma fotografia do momento em que beijou a cabe\u00e7a de Gianna. Al\u00e9m disso, os Masciantonio ficaram sabendo que o Santo Padre n\u00e3o s\u00f3 est\u00e1 informado da doen\u00e7a de Gianna, como tamb\u00e9m pergunta por ela e est\u00e1 atento \u00e0 sua recupera\u00e7\u00e3o.<\/p>\n<p>\u201cFicamos sabendo que ele sabe a respeito dela, que pergunta e reza por ela, isso \u00e9 incr\u00edvel\u201d, expressou a m\u00e3e da beb\u00ea, Kristen Masciantonio.<\/p>\n<p>Gianna continua fazendo quimioterapia e os m\u00e9dicos agora acreditam que a menina poder\u00e1 se recuperar no futuro. A beb\u00ea j\u00e1 come\u00e7ou a falar, caminhar e est\u00e1 cheia de energia.<\/p>\n<p>A fam\u00edlia come\u00e7ou a fazer uma coleta para pagar o tratamento e para ajudar outras pessoas que est\u00e3o passando pela mesma situa\u00e7\u00e3o.<\/p>\n<p>Se deseja contribuir nesta coleta, acesse: http:\/\/www.fortheloveofgracefoundation.com\/make-A-donation.hTML<\/p>\n<p style=\"text-align: justify;\">\u00a0<\/p>\n<p style=\"text-align: justify;\">Fonte: Acidigital<\/p>\n","protected":false},"excerpt":{"rendered":"<p>No ano passado, enquanto percorria as ruas da Filad\u00e9lfia, o Papa Francisco deteve o papam\u00f3vel para beijar Gianna, beb\u00ea que sofre de um tumor cerebral inoper\u00e1vel. Seus pais asseguram que este gesto simples mudou a vida da sua fam\u00edlia e com as ora\u00e7\u00f5es de milhares, para surpresa dos m\u00e9dicos, a menina continua melhorando. Gianna nasceu [&hellip;]<\/p>\n","protected":false},"author":1,"featured_media":15559,"comment_status":"open","ping_status":"open","sticky":false,"template":"","format":"standard","meta":{"footnotes":""},"categories":[4],"tags":[],"class_list":["post-15560","post","type-post","status-publish","format-standard","has-post-thumbnail","hentry","category-cotidiano"],"_links":{"self":[{"href":"https:\/\/catolicanet.net\/wp-cnet\/wp-json\/wp\/v2\/posts\/15560","targetHints":{"allow":["GET"]}}],"collection":[{"href":"https:\/\/catolicanet.net\/wp-cnet\/wp-json\/wp\/v2\/posts"}],"about":[{"href":"https:\/\/catolicanet.net\/wp-cnet\/wp-json\/wp\/v2\/types\/post"}],"author":[{"embeddable":true,"href":"https:\/\/catolicanet.net\/wp-cnet\/wp-json\/wp\/v2\/users\/1"}],"replies":[{"embeddable":true,"href":"https:\/\/catolicanet.net\/wp-cnet\/wp-json\/wp\/v2\/comments?post=15560"}],"version-history":[{"count":1,"href":"https:\/\/catolicanet.net\/wp-cnet\/wp-json\/wp\/v2\/posts\/15560\/revisions"}],"predecessor-version":[{"id":25730,"href":"https:\/\/catolicanet.net\/wp-cnet\/wp-json\/wp\/v2\/posts\/15560\/revisions\/25730"}],"wp:featuredmedia":[{"embeddable":true,"href":"https:\/\/catolicanet.net\/wp-cnet\/wp-json\/wp\/v2\/media\/15559"}],"wp:attachment":[{"href":"https:\/\/catolicanet.net\/wp-cnet\/wp-json\/wp\/v2\/media?parent=15560"}],"wp:term":[{"taxonomy":"category","embeddable":true,"href":"https:\/\/catolicanet.net\/wp-cnet\/wp-json\/wp\/v2\/categories?post=15560"},{"taxonomy":"post_tag","embeddable":true,"href":"https:\/\/catolicanet.net\/wp-cnet\/wp-json\/wp\/v2\/tags?post=15560"}],"curies":[{"name":"wp","href":"https:\/\/api.w.org\/{rel}","templated":true}]}}