{"id":1555,"date":"2012-03-12T14:46:25","date_gmt":"2012-03-12T17:46:25","guid":{"rendered":"http:\/\/catolicanet.net\/wp-cnet\/o-rosto-feminino-da-amazonia-segundo-os-dominicanos\/"},"modified":"2017-03-20T15:03:19","modified_gmt":"2017-03-20T18:03:19","slug":"o-rosto-feminino-da-amazonia-segundo-os-dominicanos","status":"publish","type":"post","link":"https:\/\/catolicanet.net\/wp-cnet\/o-rosto-feminino-da-amazonia-segundo-os-dominicanos\/","title":{"rendered":"O rosto feminino da Amaz\u00f4nia segundo os Dominicanos"},"content":{"rendered":"<p style=\"text-align: justify;\">O Centro Cultural Jose Pio Aza, da Ordem dos Dominicanos, organizou a mostra fotogr\u00e1fica &#8220;A Amaz\u00f4nia com rosto de Mulher&#8221;. Segundo nota da Confer\u00eancia Episcopal peruana, a exposi\u00e7\u00e3o tem o objetivo de re-valorizar o papel das mulheres \u00edndias da Amaz\u00f4nia e sua contribui\u00e7\u00e3o no desenvolvimento de nossa sociedade.<\/p>\n<p>Inaugurada em 9 de mar\u00e7o no Museu Etnogr\u00e1fico amaz\u00f4nico do &#8220;Centro Cultural Jos\u00e9 Pio Aza&#8221; em Lima, a mostra traz fotografias com imagens de mulheres de v\u00e1rias etnias ind\u00edgenas, como Matsiguengas, Piros-Yines, Ashaninkas e Nahuas.<\/p>\n<p>O Centro Cultural &#8220;Jose Pio Aza&#8221; foi criado em 9 de junho de 2003; em setembro do ano passado suas atividades foram ampliadas a v\u00e1rios campos de pesquisa, especificamente no territ\u00f3rio sul da floresta peruana.<\/p>\n<p>A presen\u00e7a dos mission\u00e1rios dominicanos tem crescido de modo continuativo desde 1902 na \u00e1rea, vistas as enormes necessidades sociais das etnias amaz\u00f4nicas e sua complexa realidade humana. Os mission\u00e1rios promoveram diversas iniciativas para defender os povos nativos, atuando em defesa de sua cultura, promo\u00e7\u00e3o e desenvolvimento.<\/p>\n","protected":false},"excerpt":{"rendered":"<p>O Centro Cultural Jose Pio Aza, da Ordem dos Dominicanos, organizou a mostra fotogr\u00e1fica &#8220;A Amaz\u00f4nia com rosto de Mulher&#8221;. Segundo nota da Confer\u00eancia Episcopal peruana, a exposi\u00e7\u00e3o tem o objetivo de re-valorizar o papel das mulheres \u00edndias da Amaz\u00f4nia e sua contribui\u00e7\u00e3o no desenvolvimento de nossa sociedade. Inaugurada em 9 de mar\u00e7o no Museu [&hellip;]<\/p>\n","protected":false},"author":1,"featured_media":0,"comment_status":"closed","ping_status":"closed","sticky":false,"template":"","format":"standard","meta":{"footnotes":""},"categories":[3],"tags":[],"class_list":["post-1555","post","type-post","status-publish","format-standard","hentry","category-vaticano"],"_links":{"self":[{"href":"https:\/\/catolicanet.net\/wp-cnet\/wp-json\/wp\/v2\/posts\/1555","targetHints":{"allow":["GET"]}}],"collection":[{"href":"https:\/\/catolicanet.net\/wp-cnet\/wp-json\/wp\/v2\/posts"}],"about":[{"href":"https:\/\/catolicanet.net\/wp-cnet\/wp-json\/wp\/v2\/types\/post"}],"author":[{"embeddable":true,"href":"https:\/\/catolicanet.net\/wp-cnet\/wp-json\/wp\/v2\/users\/1"}],"replies":[{"embeddable":true,"href":"https:\/\/catolicanet.net\/wp-cnet\/wp-json\/wp\/v2\/comments?post=1555"}],"version-history":[{"count":1,"href":"https:\/\/catolicanet.net\/wp-cnet\/wp-json\/wp\/v2\/posts\/1555\/revisions"}],"predecessor-version":[{"id":6757,"href":"https:\/\/catolicanet.net\/wp-cnet\/wp-json\/wp\/v2\/posts\/1555\/revisions\/6757"}],"wp:attachment":[{"href":"https:\/\/catolicanet.net\/wp-cnet\/wp-json\/wp\/v2\/media?parent=1555"}],"wp:term":[{"taxonomy":"category","embeddable":true,"href":"https:\/\/catolicanet.net\/wp-cnet\/wp-json\/wp\/v2\/categories?post=1555"},{"taxonomy":"post_tag","embeddable":true,"href":"https:\/\/catolicanet.net\/wp-cnet\/wp-json\/wp\/v2\/tags?post=1555"}],"curies":[{"name":"wp","href":"https:\/\/api.w.org\/{rel}","templated":true}]}}