{"id":15532,"date":"2016-06-24T03:00:00","date_gmt":"2016-06-24T06:00:00","guid":{"rendered":"http:\/\/catolicanet.net\/wp-cnet\/2016\/06\/24\/junho-e-suas-festas-tipicas\/"},"modified":"2017-05-08T11:12:20","modified_gmt":"2017-05-08T14:12:20","slug":"junho-e-suas-festas-tipicas","status":"publish","type":"post","link":"https:\/\/catolicanet.net\/wp-cnet\/junho-e-suas-festas-tipicas\/","title":{"rendered":"Junho e suas festas t\u00edpicas"},"content":{"rendered":"<p style=\"text-align: justify;\">Junho \u00e9 o m\u00eas das festas populares e folcl\u00f3ricas de inspira\u00e7\u00e3o religiosa: Santo Ant\u00f4nio, S\u00e3o Jo\u00e3o Batista e S\u00e3o Pedro. S\u00e3o festas que n\u00e3o deixam morrer costumes e tradi\u00e7\u00f5es do passado: dan\u00e7as, m\u00fasicas, trajes e comidas t\u00edpicas. Em 13 de junho se comemorou o dia de Santo Ant\u00f4nio. Esta comemora\u00e7\u00e3o \u00e9 mais religiosa, com missa, prociss\u00e3o, b\u00ean\u00e7\u00e3o dos p\u00e3es. \u00c9 invocado por tantos, sobretudo por aqueles que sonham com um bom casamento. \u00c9 um misto de religiosidade, folclore e crendice, que expressam a alma simples do nosso povo que venera este grande santo. O importante \u00e9 conhecer esse grande evangelizador e seu \u00e2nimo mission\u00e1rio.<br \/> Outro santo bastante festejado \u00e9 S\u00e3o Jo\u00e3o, com v\u00e9speras e solenidade no dia 24 de junho. Novamente a religiosidade e o folclore se mesclam para manifestar a f\u00e9 e a alegria do povo. Como precursor, nos inspira a estarmos preparando sempre os caminhos do Senhor para os nossos irm\u00e3os e irm\u00e3. E temos ainda S\u00e3o Pedro, o primeiro Papa, celebrado no final do m\u00eas, cujo dia \u00e9 29, sempre celebrado liturgicamente no domingo seguinte, neste ano no dia 3 de julho. Carregando as chaves do reino dos c\u00e9us e celebrando o \u201cdia do Papa\u201d completa a tr\u00edade de santos merecedores de grande devo\u00e7\u00e3o popular.<br \/> As festas juninas s\u00e3o festas com amigos, na fam\u00edlia, na rua, na comunidade. Santo Ant\u00f4nio, S\u00e3o Jo\u00e3o e S\u00e3o Pedro est\u00e3o presentes nelas como tra\u00e7o de uni\u00e3o entre amigos na comunh\u00e3o da nossa f\u00e9 e na participa\u00e7\u00e3o da mesma luta por uma conviv\u00eancia mais fraterna entre os homens. S\u00e3o festas que trazem \u00e0 nossa lembran\u00e7a a possibilidade de viver em tempos de gratuidade e congra\u00e7amento.\u00a0 <br \/> A alegria, marca das festas populares, \u00e9 tamb\u00e9m uma virtude crist\u00e3, pois Deus quer filhos felizes e alegres, mesmo em meio a tantas dificuldades pelas quais passa nosso povo. Por isso, S\u00e3o Paulo insistia: &#8220;Alegrai-vos, mais uma vez exorto, alegrai-vos&#8221;! Que as nossas comunidades saibam valorizar as festas juninas como servi\u00e7o \u00e0 fraternidade e como manifesta\u00e7\u00e3o aut\u00eantica da verdadeira alegria.<br \/> O que caracteriza estas festas \u00e9 que elas, apesar da mudan\u00e7a de \u00e9poca, em geral mant\u00eam a pureza e a beleza iniciais, desafiando modismos ou inova\u00e7\u00f5es. Ainda hoje s\u00e3o celebradas com entusiasmo, com comidas e bebidas t\u00edpicas, com trajes caipiras e dan\u00e7as, sobretudo da quadrilha, sendo eloquente express\u00e3o de conviv\u00eancia e de fraternidade, apan\u00e1gios fundamentais para o escopo da sociedade humana em que somos convidados a viver em harmonia e a construir a paz e o respeito m\u00fatuo. Podem variar um pouco conforme a regi\u00e3o do pa\u00eds, mas t\u00eam muitos tra\u00e7os comuns.<br \/> S\u00e3o v\u00e1rios os s\u00edmbolos dessas festas, mas os mais comuns s\u00e3o: a fogueira \u2013 criada desde os tempos mais antigos para agradecer pela fertiliza\u00e7\u00e3o da terra e pelas fartas colheitas. Al\u00e9m disso, por manifestar tanto o bem quanto o mal; o bem por representar a cria\u00e7\u00e3o, a luz, e o mal por ser um elemento destruidor.<br \/> Os bal\u00f5es foram criados para lembrar as pessoas do in\u00edcio da festa. Por\u00e9m, essa pr\u00e1tica deu in\u00edcio a grandes inc\u00eandios, e passou a ser proibida. Hoje existe uma lei que pro\u00edbe o uso dos mesmos, a fim de evitar maiores acidentes. As bandeirolas surgiram por causa dos tr\u00eas santos: S\u00e3o Jo\u00e3o, Santo Ant\u00f4nio e S\u00e3o Pedro, onde estes eram pregados nas bandeiras para serem admirados durante a festa. Assim, passaram a fazer bandeirinhas pequenas e coloridas para alegrar o ambiente da festa.<br \/> Os fogos de artif\u00edcio s\u00e3o usados para festejar e chamar a aten\u00e7\u00e3o para o momento alegre. A quadrilha, a dan\u00e7a t\u00edpica, \u00e9 uma forma de agradecimento pelas boas colheitas feita aos santos juninos.<br \/> As comidas t\u00edpicas tamb\u00e9m s\u00e3o s\u00edmbolos juninos, como forma de agradecimento pela fartura nas colheitas, principalmente do milho. A festa se tornou farta em seus deliciosos quitutes.<br \/> As festas juninas vieram para o Brasil na \u00e9poca da coloniza\u00e7\u00e3o, trazidas pelos portugueses. S\u00e3o de origem francesa, por isso nas dan\u00e7as aparecem v\u00e1rias palavras nessa l\u00edngua. <br \/>A Confer\u00eancia de Aparecida ressalta que \u201cEm nossa cultura latino-americana e caribenha conhecemos o papel t\u00e3o nobre e orientador que a religiosidade popular desempenha, especialmente a devo\u00e7\u00e3o mariana, que contribuiu para nos tornar mais conscientes de nossa comum condi\u00e7\u00e3o de filhos de Deus e de nossa comum dignidade perante seus olhos, n\u00e3o obstante as diferen\u00e7as sociais, \u00e9tnicas ou de qualquer outro tipo\u201d. (DAp, 37).<br \/>Os bispos em Aparecida refor\u00e7aram o respeito pela religiosidade popular e pedem a valoriza\u00e7\u00e3o por estas bonitas express\u00f5es: \u201cEsta maneira de expressar a f\u00e9 est\u00e1 presente de diversas formas em todos os setores sociais, em uma multid\u00e3o que merece nosso respeito e carinho, porque sua piedade reflete uma sede de Deus, que somente os pobres e simples podem conhecer. A religi\u00e3o do povo latino-americano \u00e9 express\u00e3o da f\u00e9 cat\u00f3lica. \u00c9 um catolicismo popular, profundamente inculturado, que cont\u00e9m a dimens\u00e3o mais valiosa da cultura latino-americana\u201d. (DAp, 258).<br \/> Que possamos celebrar este m\u00eas com toda alegria e f\u00e9, pois estas confraterniza\u00e7\u00f5es aumentam em n\u00f3s a capacidade e o cultivo da cultura do encontro. Tamb\u00e9m uma virtude crist\u00e3, pois Deus quer filhos felizes e alegres, mesmo em meio a tantas dificuldades pelas quais passa nosso povo. <br \/> Santos juninos, intercedei por paz para o nosso pa\u00eds!<\/p>\n","protected":false},"excerpt":{"rendered":"<p>Junho \u00e9 o m\u00eas das festas populares e folcl\u00f3ricas de inspira\u00e7\u00e3o religiosa: Santo Ant\u00f4nio, S\u00e3o Jo\u00e3o Batista e S\u00e3o Pedro. S\u00e3o festas que n\u00e3o deixam morrer costumes e tradi\u00e7\u00f5es do passado: dan\u00e7as, m\u00fasicas, trajes e comidas t\u00edpicas. Em 13 de junho se comemorou o dia de Santo Ant\u00f4nio. Esta comemora\u00e7\u00e3o \u00e9 mais religiosa, com missa, [&hellip;]<\/p>\n","protected":false},"author":5,"featured_media":0,"comment_status":"open","ping_status":"open","sticky":false,"template":"","format":"standard","meta":{"footnotes":""},"categories":[9],"tags":[],"class_list":["post-15532","post","type-post","status-publish","format-standard","hentry","category-artigos"],"_links":{"self":[{"href":"https:\/\/catolicanet.net\/wp-cnet\/wp-json\/wp\/v2\/posts\/15532","targetHints":{"allow":["GET"]}}],"collection":[{"href":"https:\/\/catolicanet.net\/wp-cnet\/wp-json\/wp\/v2\/posts"}],"about":[{"href":"https:\/\/catolicanet.net\/wp-cnet\/wp-json\/wp\/v2\/types\/post"}],"author":[{"embeddable":true,"href":"https:\/\/catolicanet.net\/wp-cnet\/wp-json\/wp\/v2\/users\/5"}],"replies":[{"embeddable":true,"href":"https:\/\/catolicanet.net\/wp-cnet\/wp-json\/wp\/v2\/comments?post=15532"}],"version-history":[{"count":1,"href":"https:\/\/catolicanet.net\/wp-cnet\/wp-json\/wp\/v2\/posts\/15532\/revisions"}],"predecessor-version":[{"id":21479,"href":"https:\/\/catolicanet.net\/wp-cnet\/wp-json\/wp\/v2\/posts\/15532\/revisions\/21479"}],"wp:attachment":[{"href":"https:\/\/catolicanet.net\/wp-cnet\/wp-json\/wp\/v2\/media?parent=15532"}],"wp:term":[{"taxonomy":"category","embeddable":true,"href":"https:\/\/catolicanet.net\/wp-cnet\/wp-json\/wp\/v2\/categories?post=15532"},{"taxonomy":"post_tag","embeddable":true,"href":"https:\/\/catolicanet.net\/wp-cnet\/wp-json\/wp\/v2\/tags?post=15532"}],"curies":[{"name":"wp","href":"https:\/\/api.w.org\/{rel}","templated":true}]}}