{"id":15530,"date":"2016-06-23T11:34:42","date_gmt":"2016-06-23T14:34:42","guid":{"rendered":"http:\/\/catolicanet.net\/wp-cnet\/2016\/06\/23\/o-precursor\/"},"modified":"2017-05-08T11:14:37","modified_gmt":"2017-05-08T14:14:37","slug":"o-precursor","status":"publish","type":"post","link":"https:\/\/catolicanet.net\/wp-cnet\/o-precursor\/","title":{"rendered":"O precursor"},"content":{"rendered":"<p style=\"text-align: justify;\">No dia 24 de junho, a Igreja celebra a solenidade lit\u00fargica do nascimento de Jo\u00e3o Batista, \u201co maior dos profetas\u201d, que foi enviado \u201cpara preparar os caminhos do Senhor\u201d. Ele e a Virgem Maria s\u00e3o os \u00fanicos em que a liturgia lembra o nascimento. Os demais santos s\u00e3o comemorados no dia da morte, mas Jo\u00e3o \u00e9 comemorado duas vezes: no nascimento e no seu mart\u00edrio, celebrado em 29 de agosto.<br \/> Jo\u00e3o Batista foi o precursor de Jesus, isto \u00e9, aquele que veio preparar o povo para receb\u00ea-Lo. A hist\u00f3ria da sua inf\u00e2ncia encontra-se no Novo Testamento, no Evangelho de S\u00e3o Lucas, cap\u00edtulo primeiro, vers\u00edculos 5 a 23. Veja ainda (Lc l, 56-80). Alguns fatos da sua vida s\u00e3o narrados, tamb\u00e9m, nos outros tr\u00eas evangelhos: S\u00e3o Mateus, S\u00e3o Marcos e S\u00e3o Jo\u00e3o. Zacarias e Isabel, os pais de Jo\u00e3o Batista, moravam numa cidade chamada Ain-Karim. Eram de idade avan\u00e7ada e n\u00e3o tinham filhos. Por\u00e9m, eles confiavam muito em Deus e rezavam pedindo-lhe um filho.<br \/> A celebra\u00e7\u00e3o da natividade de Jo\u00e3o Batista evoca a manifesta\u00e7\u00e3o da gra\u00e7a e bondade de Deus. O lema \u00e9 a frase de Zacarias, seu pai, no evangelho dessa solenidade: \u201cSeu nome \u00e9 Jo\u00e3o\u201d. A frase \u00e9 uma mensagem da gratuidade e bondade divinas. O pr\u00f3prio nome \u2013 Yohanan \u2013 significa \u201cDeus se mostrou misericordioso\u201d. \u00c9 importante lembrar que seus pais, Zacarias e Isabel, eram idosos e a m\u00e3e era est\u00e9ril. Portanto, o nascimento de Jo\u00e3o revela o poder e a bondade de Deus e \u00e9 um sinal claro da importante miss\u00e3o que a ele \u00e9 confiada.<br \/> S\u00e3o Jo\u00e3o Batista nasceu seis meses antes de Jesus Cristo, seu primo, e foi um anjo quem revelou o seu nome ao seu pai, Zacarias, que h\u00e1 muitos anos rezava com sua esposa para terem um filho. Estudiosos mostram que possivelmente depois de idade adequada, Jo\u00e3o teria participado da vida mon\u00e1stica de uma comunidade, na qual, \u00e0 beira do Rio Jord\u00e3o ou Mar Morto, vivia em profunda penit\u00eancia e ora\u00e7\u00e3o. Pode-se chegar a essa conclus\u00e3o a partir do texto de Mateus: \u201cJo\u00e3o usava um traje de p\u00ealo de camelo, com um cinto de couro em volta dos rins; alimentava-se de gafanhotos e mel silvestre\u201d.<br \/> Jo\u00e3o \u00e9 testemunha da Luz, sobretudo por ter apontado Cristo no meio da humanidade. Ele encarna a plenitude do Antigo Testamento e a prepara\u00e7\u00e3o para o Evangelho. E teve a gra\u00e7a de batizar o pr\u00f3prio Cristo, marcando o in\u00edcio da miss\u00e3o do divino Salvador.<br \/> \u201cBendito seja o Senhor, Deus de Israel, porque visitou e resgatou o seu povo\u201d. Assim o Evangelho de Lucas inicia o canto de Zacarias, que louva a Deus pelo nascimento do filho Jo\u00e3o Batista. E mais adiante ele proclama: \u201cE tu, menino, ser\u00e1s chamado profeta do Alt\u00edssimo porque ir\u00e1s adiante da face do Senhor a preparar os seus caminhos\u201d. (Lc 1, 68.76).<br \/> A miseric\u00f3rdia divina tamb\u00e9m se manifesta na miss\u00e3o importante a ser vivida por Jo\u00e3o. Ele nasceu seis meses antes de Jesus Cristo, de quem \u00e9 primo, segundo a Tradi\u00e7\u00e3o. \u00c9 o \u00faltimo e o maior dos profetas, aquele que veio para dar testemunho da luz verdadeira, que \u00e9 Jesus Cristo. Marcos inicia seu Evangelho apresentando Jo\u00e3o Batista que \u201cpregava o batismo de penit\u00eancia para remiss\u00e3o dos pecados\u201d (Mc 1, 4). O Evangelho de Mateus conta que Jo\u00e3o come\u00e7ou a pregar no deserto da Jud\u00e9ia, dizendo: \u201cArrependei-vos, porque est\u00e1 pr\u00f3ximo o reino dos c\u00e9us. Porque este \u00e9 aquele de quem falou o profeta Isa\u00edas quando disse: Voz do que clama no deserto. Preparai o caminho do Senhor, endireitai as suas veredas\u201d (Mt 3, 2-3).<br \/> Homem de coragem, enfrentou as autoridades e os poderosos, denunciando seus erros e injusti\u00e7as. Enfrentou o pr\u00f3prio rei Herodes, censurando-o por ter tomado como mulher a esposa de seu irm\u00e3o: \u201cN\u00e3o te \u00e9 l\u00edcito\u201d \u2013 exclamava com firmeza e coragem, que lhe custaram a pris\u00e3o e a morte.<br \/> Na celebra\u00e7\u00e3o desse grande santo, que mensagem eu gostaria de transmitir a todos os fi\u00e9is diocesanos confiados ao meu pastoreio? A minha mensagem \u00e9 a mesma de Jo\u00e3o Batista, conclamando o povo \u00e0 convers\u00e3o: \u201cPreparai o caminho do Senhor, endireitai as suas veredas. E todo homem ver\u00e1 a salva\u00e7\u00e3o de Deus\u201d (Lc 3, 4-6). Ou seja, somos chamados a anunciar o Senhor Jesus Cristo e a preparar os cora\u00e7\u00f5es para acolh\u00ea-Lo em suas vidas. <br \/> Portanto, que sempre possamos ter o exemplo de S\u00e3o Jo\u00e3o Batista em sermos vozes que clamam no deserto, ou seja, crist\u00e3os comprometidos com a viv\u00eancia do Evangelho e com o an\u00fancio da Palavra e da Verdade, que \u00e9 o pr\u00f3prio Cristo, anunciando, testemunhando e vivendo a paz.<\/p>\n","protected":false},"excerpt":{"rendered":"<p>No dia 24 de junho, a Igreja celebra a solenidade lit\u00fargica do nascimento de Jo\u00e3o Batista, \u201co maior dos profetas\u201d, que foi enviado \u201cpara preparar os caminhos do Senhor\u201d. Ele e a Virgem Maria s\u00e3o os \u00fanicos em que a liturgia lembra o nascimento. Os demais santos s\u00e3o comemorados no dia da morte, mas Jo\u00e3o [&hellip;]<\/p>\n","protected":false},"author":5,"featured_media":0,"comment_status":"open","ping_status":"open","sticky":false,"template":"","format":"standard","meta":{"footnotes":""},"categories":[9],"tags":[],"class_list":["post-15530","post","type-post","status-publish","format-standard","hentry","category-artigos"],"_links":{"self":[{"href":"https:\/\/catolicanet.net\/wp-cnet\/wp-json\/wp\/v2\/posts\/15530","targetHints":{"allow":["GET"]}}],"collection":[{"href":"https:\/\/catolicanet.net\/wp-cnet\/wp-json\/wp\/v2\/posts"}],"about":[{"href":"https:\/\/catolicanet.net\/wp-cnet\/wp-json\/wp\/v2\/types\/post"}],"author":[{"embeddable":true,"href":"https:\/\/catolicanet.net\/wp-cnet\/wp-json\/wp\/v2\/users\/5"}],"replies":[{"embeddable":true,"href":"https:\/\/catolicanet.net\/wp-cnet\/wp-json\/wp\/v2\/comments?post=15530"}],"version-history":[{"count":1,"href":"https:\/\/catolicanet.net\/wp-cnet\/wp-json\/wp\/v2\/posts\/15530\/revisions"}],"predecessor-version":[{"id":21482,"href":"https:\/\/catolicanet.net\/wp-cnet\/wp-json\/wp\/v2\/posts\/15530\/revisions\/21482"}],"wp:attachment":[{"href":"https:\/\/catolicanet.net\/wp-cnet\/wp-json\/wp\/v2\/media?parent=15530"}],"wp:term":[{"taxonomy":"category","embeddable":true,"href":"https:\/\/catolicanet.net\/wp-cnet\/wp-json\/wp\/v2\/categories?post=15530"},{"taxonomy":"post_tag","embeddable":true,"href":"https:\/\/catolicanet.net\/wp-cnet\/wp-json\/wp\/v2\/tags?post=15530"}],"curies":[{"name":"wp","href":"https:\/\/api.w.org\/{rel}","templated":true}]}}