{"id":15496,"date":"2016-06-22T12:31:32","date_gmt":"2016-06-22T15:31:32","guid":{"rendered":"http:\/\/catolicanet.net\/wp-cnet\/2016\/06\/22\/assessores-da-iam-e-da-jm-participam-de-encontro-estadual-em-cajazeiras-pb\/"},"modified":"2017-05-31T10:19:20","modified_gmt":"2017-05-31T13:19:20","slug":"assessores-da-iam-e-da-jm-participam-de-encontro-estadual-em-cajazeiras-pb","status":"publish","type":"post","link":"https:\/\/catolicanet.net\/wp-cnet\/assessores-da-iam-e-da-jm-participam-de-encontro-estadual-em-cajazeiras-pb\/","title":{"rendered":"Assessores da IAM e da JM participam de Encontro Estadual em Cajazeiras (PB)"},"content":{"rendered":"<p style=\"text-align: justify;\"><img decoding=\"async\" src=\"http:\/\/www.catolicanet.com.br\/images\/stories\/noticias\/0 0 0 0 encontro estadual capa.jpg\" border=\"0\" align=\"left\" \/>Membros da Inf\u00e2ncia e Adolesc\u00eancia Mission\u00e1ria (IAM) e da Juventude Mission\u00e1ria (JM) do estado da Para\u00edba se reuniram para aprimorar os trabalhos das Obras e discutir o espa\u00e7o que a crian\u00e7a tem na igreja. Eles participaram do Encontro Estadual de Assessores. O evento foi realizado na Faculdade de Filosofia, Ci\u00eancias e Letras de Cajazeiras (FAFIC), espa\u00e7o da diocese de Cajazeiras (PB), no per\u00edodo de 17 a 19 de junho.<\/p>\n<p>O encontro contou com a presen\u00e7a de representantes de todas as dioceses do estado e do secret\u00e1rio nacional da IAM. Padre Andr\u00e9 Luiz de Negreiros abordou as tem\u00e1ticas: &#8220;A Crian\u00e7a, a Igreja e a Miss\u00e3o&#8221; e &#8220;A Cultura do Bem Viver&#8221;. As discuss\u00f5es destes temas tiveram o objetivo de aprofundar o conhecimento dos assessores.<\/p>\n<p>As atividades do encontro foram abertas com ora\u00e7\u00e3o ao ar livre. Em seguida os assessores da IAM e da JM entoaram can\u00e7\u00f5es que lembraram do compromisso de miss\u00e3o assumido por cada um. Padre Andr\u00e9 deu in\u00edcio \u00e0s palestras explicando que as crian\u00e7as s\u00e3o essenciais e protagonistas da evangeliza\u00e7\u00e3o.<\/p>\n<p>Os temas deste ano destacaram o papel da crian\u00e7a e tudo que a norteia, a Igreja e a sociedade, al\u00e9m de incentivar os jovens a vivenciarem a cultura do Bem Viver. O encontro foi din\u00e2mico e os participantes partilharam reflex\u00f5es e avalia\u00e7\u00f5es acerca das a\u00e7\u00f5es desenvolvidas no estado, fazendo acontecer a troca de experi\u00eancias e aprendizagem.<\/p>\n<p>O coordenador da IAM no estado da Para\u00edba, David Jair, afirmou que as obras mission\u00e1rias t\u00eam a caracter\u00edstica de n\u00e3o se isolarem. \u201cO trabalho s\u00f3 frutifica quando \u00e9 comunicado, partilhado e quando as experi\u00eancias s\u00e3o divididas, assim, os projetos ganham uma visibilidade maior\u201d.<\/p>\n<p>Com a preocupa\u00e7\u00e3o de aprofundar a forma\u00e7\u00e3o, o carisma e a espiritualidade dos grupos, padre Andr\u00e9 salientou que os assessores t\u00eam o desafio de inserir a crian\u00e7a e o adolescente na Igreja, indo al\u00e9m disto, fidelizar a participa\u00e7\u00e3o deles como mission\u00e1rios, para assim obter um resultado positivo dos trabalhos.<\/p>\n<p>Depois dos estudos os assessores participaram do momento cultural, com apresenta\u00e7\u00e3o de quadrilha, sorteio de camisas, comidas t\u00edpicas e muito forr\u00f3, valorizando a tradi\u00e7\u00e3o nordestina.<\/p>\n<p>O \u00faltimo dia do encontro come\u00e7ou com a celebra\u00e7\u00e3o da missa presidida pelo monsenhor Agripino Ferreira, administrador diocesano de Cajazeiras (PB) e concelebrada por padre Andr\u00e9 Luiz e padre Eriv\u00e2nio de Sousa, da cidade de Pombal (PB).<\/p>\n<p>Ap\u00f3s a missa os assessores se aprofundaram sobre \u201cA Cultura do Bem Viver\u201d, tem\u00e1tica abordada nos trabalhos da Juventude Mission\u00e1ria. Materiais foram apresentados proporcionando reflex\u00f5es acerca da realidade local e mundial, que est\u00e1 doente. A Cultura do Bem Viver busca a igualdade entre os seres humanos, fazendo acontecer o \u201cbem viver\u201d, que \u00e9 diferente do que muitos desejam, viver bem.<\/p>\n<p>Encerrando o evento os assessores puderam tirar d\u00favidas em rela\u00e7\u00e3o as Pontif\u00edcias Obras Mission\u00e1rias e avaliar o Encontro Estadual. David Jair ressaltou a import\u00e2ncia do trabalho dos assessores. \u201cEspero que neste segundo semestre a Obra na Para\u00edba possa cumprir as atividades programadas em cada diocese, fazendo o trabalho fluir de forma positiva. \u00c9 preciso criar um sentimento de perten\u00e7a a Obra, \u00e9 preciso assumir o carisma para que o trabalho d\u00ea certo. Suscitando assim o ardor mission\u00e1rio com mais for\u00e7a e \u00e2nimo\u201d, concluiu o coordenador estadual.<\/p>\n<p>Com informa\u00e7\u00f5es da IAM, diocese de Campina Grande\/PB<\/p>\n<p style=\"text-align: justify;\">\u00a0<\/p>\n<p style=\"text-align: justify;\">Fonte: POM<\/p>\n","protected":false},"excerpt":{"rendered":"<p>Membros da Inf\u00e2ncia e Adolesc\u00eancia Mission\u00e1ria (IAM) e da Juventude Mission\u00e1ria (JM) do estado da Para\u00edba se reuniram para aprimorar os trabalhos das Obras e discutir o espa\u00e7o que a crian\u00e7a tem na igreja. Eles participaram do Encontro Estadual de Assessores. O evento foi realizado na Faculdade de Filosofia, Ci\u00eancias e Letras de Cajazeiras (FAFIC), [&hellip;]<\/p>\n","protected":false},"author":1,"featured_media":15495,"comment_status":"open","ping_status":"open","sticky":false,"template":"","format":"standard","meta":{"footnotes":""},"categories":[4],"tags":[],"class_list":["post-15496","post","type-post","status-publish","format-standard","has-post-thumbnail","hentry","category-cotidiano"],"_links":{"self":[{"href":"https:\/\/catolicanet.net\/wp-cnet\/wp-json\/wp\/v2\/posts\/15496","targetHints":{"allow":["GET"]}}],"collection":[{"href":"https:\/\/catolicanet.net\/wp-cnet\/wp-json\/wp\/v2\/posts"}],"about":[{"href":"https:\/\/catolicanet.net\/wp-cnet\/wp-json\/wp\/v2\/types\/post"}],"author":[{"embeddable":true,"href":"https:\/\/catolicanet.net\/wp-cnet\/wp-json\/wp\/v2\/users\/1"}],"replies":[{"embeddable":true,"href":"https:\/\/catolicanet.net\/wp-cnet\/wp-json\/wp\/v2\/comments?post=15496"}],"version-history":[{"count":1,"href":"https:\/\/catolicanet.net\/wp-cnet\/wp-json\/wp\/v2\/posts\/15496\/revisions"}],"predecessor-version":[{"id":25750,"href":"https:\/\/catolicanet.net\/wp-cnet\/wp-json\/wp\/v2\/posts\/15496\/revisions\/25750"}],"wp:featuredmedia":[{"embeddable":true,"href":"https:\/\/catolicanet.net\/wp-cnet\/wp-json\/wp\/v2\/media\/15495"}],"wp:attachment":[{"href":"https:\/\/catolicanet.net\/wp-cnet\/wp-json\/wp\/v2\/media?parent=15496"}],"wp:term":[{"taxonomy":"category","embeddable":true,"href":"https:\/\/catolicanet.net\/wp-cnet\/wp-json\/wp\/v2\/categories?post=15496"},{"taxonomy":"post_tag","embeddable":true,"href":"https:\/\/catolicanet.net\/wp-cnet\/wp-json\/wp\/v2\/tags?post=15496"}],"curies":[{"name":"wp","href":"https:\/\/api.w.org\/{rel}","templated":true}]}}