{"id":15468,"date":"2016-06-21T15:04:15","date_gmt":"2016-06-21T18:04:15","guid":{"rendered":"http:\/\/catolicanet.net\/wp-cnet\/2016\/06\/21\/asiafilipinas-caritas-pobreza-desenvolvimento-e-justica-climatica-no-centro-da-agenda-politica\/"},"modified":"2017-05-31T10:19:23","modified_gmt":"2017-05-31T13:19:23","slug":"asiafilipinas-caritas-pobreza-desenvolvimento-e-justica-climatica-no-centro-da-agenda-politica","status":"publish","type":"post","link":"https:\/\/catolicanet.net\/wp-cnet\/asiafilipinas-caritas-pobreza-desenvolvimento-e-justica-climatica-no-centro-da-agenda-politica\/","title":{"rendered":"\u00c1SIA\/FILIPINAS &#8211; Caritas: pobreza, desenvolvimento e justi\u00e7a clim\u00e1tica no centro da agenda pol\u00edtica"},"content":{"rendered":"<p style=\"text-align: justify;\"><img decoding=\"async\" src=\"http:\/\/www.catolicanet.com.br\/images\/stories\/noticias\/primopiano_1945.jpg\" border=\"0\" align=\"left\" \/>Manila (Ag\u00eancia Fides) \u2013 Apostar no desenvolvimento e colocar os pobres \u201cno centro da agenda pol\u00edtica\u201d: \u00e9 o apelo da Caritas das Filipinas e de um grupo de cerca de 30 organiza\u00e7\u00f5es religiosas civis ao rec\u00e9m-eleito presidente Rodrigo Duterte. A Caritas convida a administra\u00e7\u00e3o p\u00fablica a realizar \u201cmais esfor\u00e7os para melhorar a vida dos pa\u00edses pobres e dos marginalizados\u201d, na \u00f3tica de uma \u201cmudan\u00e7a real\u201d. Se o presidente se define como art\u00edfice desta renova\u00e7\u00e3o &#8211; observa uma nota enviada \u00e0 Fides por ocasi\u00e3o do primeiro anivers\u00e1rio da enc\u00edclica \u201cLaudato si\u2019\u201d &#8211; \u201cpedimos que a mudan\u00e7a se baseie na justi\u00e7a e na dignidade humana\u201d.<br \/>A nota \u00e9 compartilhada por mais de 30 grupos religiosos e organiza\u00e7\u00f5es da sociedade civil, que pedem para \u201cproteger os direitos dos pequenos agricultores, sobretudo os direitos de propriedade das terras\u201d, convidando a rever o mecanismo de subs\u00eddios \u201cpara apoiar a produ\u00e7\u00e3o local e o com\u00e9rcio \u00e9quo\u201d , incentivando \u201ca agricultura sustent\u00e1vel e biol\u00f3gica e a pesca\u201d, aplicando uma \u201cverdadeira reforma agr\u00e1ria\u201d.<br \/>A nota recorda tamb\u00e9m \u201ca eros\u00e3o dos direitos dos povos ind\u00edgenas\u201d, v\u00edtimas de abusos de direitos humanos e prop\u00f5e um plano para \u201ca promo\u00e7\u00e3o da justi\u00e7a clim\u00e1tica\u201d, cancelando todas as licen\u00e7as de constru\u00e7\u00e3o de usinas de carv\u00e3o e o fim das concess\u00f5es de explora\u00e7\u00e3o minerarias, quase sempre concedidas a multinacionais que pisoteiam os direitos das popula\u00e7\u00f5es locais.<br \/>\u201cA mudan\u00e7a \u00e9 desej\u00e1vel quando comporta o bem comum, justi\u00e7a e paz para a humanidade\u201d, conclui pe. Edwin Gariguez, Secret\u00e1rio executivo da Caritas Filipinas, recordando o tema das mudan\u00e7as clim\u00e1ticas e do aquecimento global.<\/p>\n<p style=\"text-align: justify;\">\u00a0<\/p>\n<p style=\"text-align: justify;\">Fonte: Ag\u00eancia Fides<\/p>\n","protected":false},"excerpt":{"rendered":"<p>Manila (Ag\u00eancia Fides) \u2013 Apostar no desenvolvimento e colocar os pobres \u201cno centro da agenda pol\u00edtica\u201d: \u00e9 o apelo da Caritas das Filipinas e de um grupo de cerca de 30 organiza\u00e7\u00f5es religiosas civis ao rec\u00e9m-eleito presidente Rodrigo Duterte. A Caritas convida a administra\u00e7\u00e3o p\u00fablica a realizar \u201cmais esfor\u00e7os para melhorar a vida dos pa\u00edses [&hellip;]<\/p>\n","protected":false},"author":1,"featured_media":15467,"comment_status":"open","ping_status":"open","sticky":false,"template":"","format":"standard","meta":{"footnotes":""},"categories":[4],"tags":[],"class_list":["post-15468","post","type-post","status-publish","format-standard","has-post-thumbnail","hentry","category-cotidiano"],"_links":{"self":[{"href":"https:\/\/catolicanet.net\/wp-cnet\/wp-json\/wp\/v2\/posts\/15468","targetHints":{"allow":["GET"]}}],"collection":[{"href":"https:\/\/catolicanet.net\/wp-cnet\/wp-json\/wp\/v2\/posts"}],"about":[{"href":"https:\/\/catolicanet.net\/wp-cnet\/wp-json\/wp\/v2\/types\/post"}],"author":[{"embeddable":true,"href":"https:\/\/catolicanet.net\/wp-cnet\/wp-json\/wp\/v2\/users\/1"}],"replies":[{"embeddable":true,"href":"https:\/\/catolicanet.net\/wp-cnet\/wp-json\/wp\/v2\/comments?post=15468"}],"version-history":[{"count":1,"href":"https:\/\/catolicanet.net\/wp-cnet\/wp-json\/wp\/v2\/posts\/15468\/revisions"}],"predecessor-version":[{"id":25755,"href":"https:\/\/catolicanet.net\/wp-cnet\/wp-json\/wp\/v2\/posts\/15468\/revisions\/25755"}],"wp:featuredmedia":[{"embeddable":true,"href":"https:\/\/catolicanet.net\/wp-cnet\/wp-json\/wp\/v2\/media\/15467"}],"wp:attachment":[{"href":"https:\/\/catolicanet.net\/wp-cnet\/wp-json\/wp\/v2\/media?parent=15468"}],"wp:term":[{"taxonomy":"category","embeddable":true,"href":"https:\/\/catolicanet.net\/wp-cnet\/wp-json\/wp\/v2\/categories?post=15468"},{"taxonomy":"post_tag","embeddable":true,"href":"https:\/\/catolicanet.net\/wp-cnet\/wp-json\/wp\/v2\/tags?post=15468"}],"curies":[{"name":"wp","href":"https:\/\/api.w.org\/{rel}","templated":true}]}}