{"id":15466,"date":"2016-06-21T14:50:03","date_gmt":"2016-06-21T17:50:03","guid":{"rendered":"http:\/\/catolicanet.net\/wp-cnet\/2016\/06\/21\/americamexico-depois-de-6-mortos-em-oaxaca-prossegue-o-protesto-dos-professores-a-igreja-pede-dialogo\/"},"modified":"2017-05-31T10:19:23","modified_gmt":"2017-05-31T13:19:23","slug":"americamexico-depois-de-6-mortos-em-oaxaca-prossegue-o-protesto-dos-professores-a-igreja-pede-dialogo","status":"publish","type":"post","link":"https:\/\/catolicanet.net\/wp-cnet\/americamexico-depois-de-6-mortos-em-oaxaca-prossegue-o-protesto-dos-professores-a-igreja-pede-dialogo\/","title":{"rendered":"AM\u00c9RICA\/M\u00c9XICO &#8211; Depois de 6 mortos em Oaxaca, prossegue o protesto dos professores. A Igreja pede di\u00e1logo"},"content":{"rendered":"<p style=\"text-align: justify;\"><img decoding=\"async\" src=\"http:\/\/www.catolicanet.com.br\/images\/stories\/noticias\/primopiano_1948.jpg\" border=\"0\" align=\"left\" \/>Tehuantepec (Ag\u00eancia Fides) \u2013 O Bispo de Tehuantepec, Dom Oscar Armando Campos Contreras, pediu di\u00e1logo \u201cem busca da justi\u00e7a, para ajudar a superar os atrasos sociais na vida do nosso povo\u201d. O comunicado da diocese, assinado tamb\u00e9m pelos p\u00e1rocos e todos os sacerdotes, faz um apelo para que parem com as desordens e interdi\u00e7\u00f5es rodovi\u00e1rias que se est\u00e3o verificando na regi\u00e3o de Tehuantepec, como manifesta\u00e7\u00f5es de protesto de professores, que deixaram mortos e feridos.<br \/>\u201cO autoritarismo e a viol\u00eancia s\u00e3o duas faces da mesma medalha (&#8230;); nos conflitos h\u00e1 muitos interesses diferentes, que querem tirar proveito deste clima agitado. Seria criminoso desejar o derramamento de sangue, mesmo de uma s\u00f3 pessoa. O nosso convite \u00e9 para ambas as partes, autoridades e professores: coloquem a raz\u00e3o acima da paix\u00e3o\u201d, consta na declara\u00e7\u00e3o enviada \u00e0 Fides, datada de 19 de junho.<br \/>Esta j\u00e1 \u00e9 a quinta semana de protestos no M\u00e9xico contra a reforma do ensino, a avalia\u00e7\u00e3o dos professores e a demiss\u00e3o de um grupo deles. Professores e pais de algumas escolas da capital manifestaram pedindo justi\u00e7a para as seis pessoas mortas em Oaxaca, onde houve violentos atritos que deixaram tamb\u00e9m dezenas de feridos. Ontem, tamb\u00e9m os professores do estado de Guerrero protestaram contra o governo pelos mesmos motivos.<\/p>\n<p style=\"text-align: justify;\">\u00a0<\/p>\n<p style=\"text-align: justify;\">Fonte: Ag\u00eancia Fides<\/p>\n","protected":false},"excerpt":{"rendered":"<p>Tehuantepec (Ag\u00eancia Fides) \u2013 O Bispo de Tehuantepec, Dom Oscar Armando Campos Contreras, pediu di\u00e1logo \u201cem busca da justi\u00e7a, para ajudar a superar os atrasos sociais na vida do nosso povo\u201d. O comunicado da diocese, assinado tamb\u00e9m pelos p\u00e1rocos e todos os sacerdotes, faz um apelo para que parem com as desordens e interdi\u00e7\u00f5es rodovi\u00e1rias [&hellip;]<\/p>\n","protected":false},"author":1,"featured_media":15465,"comment_status":"open","ping_status":"open","sticky":false,"template":"","format":"standard","meta":{"footnotes":""},"categories":[4],"tags":[],"class_list":["post-15466","post","type-post","status-publish","format-standard","has-post-thumbnail","hentry","category-cotidiano"],"_links":{"self":[{"href":"https:\/\/catolicanet.net\/wp-cnet\/wp-json\/wp\/v2\/posts\/15466","targetHints":{"allow":["GET"]}}],"collection":[{"href":"https:\/\/catolicanet.net\/wp-cnet\/wp-json\/wp\/v2\/posts"}],"about":[{"href":"https:\/\/catolicanet.net\/wp-cnet\/wp-json\/wp\/v2\/types\/post"}],"author":[{"embeddable":true,"href":"https:\/\/catolicanet.net\/wp-cnet\/wp-json\/wp\/v2\/users\/1"}],"replies":[{"embeddable":true,"href":"https:\/\/catolicanet.net\/wp-cnet\/wp-json\/wp\/v2\/comments?post=15466"}],"version-history":[{"count":1,"href":"https:\/\/catolicanet.net\/wp-cnet\/wp-json\/wp\/v2\/posts\/15466\/revisions"}],"predecessor-version":[{"id":25756,"href":"https:\/\/catolicanet.net\/wp-cnet\/wp-json\/wp\/v2\/posts\/15466\/revisions\/25756"}],"wp:featuredmedia":[{"embeddable":true,"href":"https:\/\/catolicanet.net\/wp-cnet\/wp-json\/wp\/v2\/media\/15465"}],"wp:attachment":[{"href":"https:\/\/catolicanet.net\/wp-cnet\/wp-json\/wp\/v2\/media?parent=15466"}],"wp:term":[{"taxonomy":"category","embeddable":true,"href":"https:\/\/catolicanet.net\/wp-cnet\/wp-json\/wp\/v2\/categories?post=15466"},{"taxonomy":"post_tag","embeddable":true,"href":"https:\/\/catolicanet.net\/wp-cnet\/wp-json\/wp\/v2\/tags?post=15466"}],"curies":[{"name":"wp","href":"https:\/\/api.w.org\/{rel}","templated":true}]}}