{"id":15456,"date":"2016-06-21T13:24:23","date_gmt":"2016-06-21T16:24:23","guid":{"rendered":"http:\/\/catolicanet.net\/wp-cnet\/2016\/06\/21\/salette-fe-e-reconciliacao-na-montanha-sagrada\/"},"modified":"2017-06-02T14:03:20","modified_gmt":"2017-06-02T17:03:20","slug":"salette-fe-e-reconciliacao-na-montanha-sagrada","status":"publish","type":"post","link":"https:\/\/catolicanet.net\/wp-cnet\/salette-fe-e-reconciliacao-na-montanha-sagrada\/","title":{"rendered":"Salette: f\u00e9 e reconcilia\u00e7\u00e3o na montanha sagrada"},"content":{"rendered":"<p style=\"text-align: justify;\"><img decoding=\"async\" src=\"http:\/\/www.catolicanet.com.br\/images\/stories\/noticias\/rv16858_articolo.jpg\" border=\"0\" align=\"left\" \/>N\u00e3o \u00e9 preciso muito para sentir a n\u00edtida presen\u00e7a da &#8220;Belle Dame&#8221;: at\u00e9 mesmo os cora\u00e7\u00f5es mais fechados abrem-se aos p\u00e9s de Nossa Senhora da Salette, M\u00e3e de Reconcilia\u00e7\u00e3o.<\/p>\n<p>Ningu\u00e9m chega \u00e0 Salette por acaso: essa montanha isolada no meio dos Alpes franceses \u00e9 considerada sagrada pelos peregrinos e moradores dos vilarejos mais pr\u00f3ximos.<\/p>\n<p>Ali, 170 anos atr\u00e1s, Maria apresentou-se a dois pastorzinhos: Mel\u00e2nia e Maximino.<\/p>\n<p>A luz que a envolvia n\u00e3o era pr\u00f3pria: uma cruz em seu peito &#8211; marcada com um martelo e uma turqu\u00eas &#8211; a tudo iluminava.<\/p>\n<p>&#8220;Vinde, n\u00e3o tenhais medo&#8221;, disse a Imaculada.<\/p>\n<p>Ela n\u00e3o se apresentou como a m\u00e3e do Redentor: disse somente &#8220;meus filhos&#8221;. Isso bastava para que as crian\u00e7as soubessem quem era.<\/p>\n<p>Sentada em uma pedra, cabe\u00e7a baixa entre as m\u00e3os, \u00e0s l\u00e1grimas.<\/p>\n<p>Este \u00e9 o primeiro momento da \u00fanica apari\u00e7\u00e3o, em 19 de setembro de 1846.<\/p>\n<p>Ao se aproximarem, num segundo momento, os pastorzinhos veem Nossa Senhora agora de p\u00e9. As l\u00e1grimas ainda escorrem.<\/p>\n<p>&#8220;Ah se todos rezassem ao menos um Pai-Nosso e uma Ave Maria por dia&#8221;, quanta coisa mudaria.<\/p>\n<p>Nossa Senhora ent\u00e3o se eleva aos c\u00e9us, Maximino ainda tenta tocar seus p\u00e9s, cobertos por rosas, antes que tudo acabe: ou tenha in\u00edcio.<\/p>\n<p>Nessa revela\u00e7\u00e3o, a mensagem da Salette segue sempre atual, disse o reitor do Santu\u00e1rio da Salette em S\u00e3o Paulo, Padre Marcos Almeida, em peregrina\u00e7\u00e3o na Fran\u00e7a com um grupo de fi\u00e9is.<\/p>\n<p>\u201cComo dizia o Papa Jo\u00e3o Paulo II, a mensagem da Salette \u00e9 sempre atual porque n\u00e3o fala algo de um tempo espec\u00edfico, mas ela fala da pessoa humana dentro de todo um contexto com o universo em que vivemos, portanto esta situa\u00e7\u00e3o \u00e9 sempre atual\u201d, disse.<\/p>\n<p>Nestes quase dois s\u00e9culos, os mission\u00e1rios e mission\u00e1rias saletinos levam a mensagem aos quatro cantos do mundo.<\/p>\n<p>No Brasil, \u00e9 grande a devo\u00e7\u00e3o nos Santu\u00e1rios e par\u00f3quias espalhados pelo pa\u00eds.<\/p>\n<p>Os mais devotos fazem quest\u00e3o de subir a montanha sagrada para estar no centro do mist\u00e9rio.<\/p>\n<p>A quase 2 mil metros de altitude, o Santu\u00e1rio Mariano abre somente quando a neve permite.<\/p>\n<p>Entre junho e outubro, os peregrinos chegam em maior n\u00famero: mesmo assim, nada de multid\u00f5es intermin\u00e1veis.<\/p>\n<p>Caminhar pelas trilhas nas montanhas ou rezar junto ao local da apari\u00e7\u00e3o torna-se um momento \u00edntimo de contato com Nossa Senhora.<\/p>\n<p>Assim como na prociss\u00e3o do in\u00edcio da noite, quando a imagem deixa a Bas\u00edlica, que proporciona aos peregrinos um verdadeiro ato de louvor e devo\u00e7\u00e3o.<\/p>\n<p>A Bas\u00edlica abriga um museu em que \u00e9 poss\u00edvel conhecer detalhes da hist\u00f3ria da Salette, inclusive ver as roupas conservadas que os pastorzinhos usavam naquele dia.<\/p>\n<p>Um peda\u00e7o da pedra onde Nossa Senhora sentou tamb\u00e9m pode ser visto na Bas\u00edlica.<\/p>\n<p>Neste anivers\u00e1rio de 170 anos da apari\u00e7\u00e3o, tudo fica ainda mais especial.<\/p>\n<p>Como quando um dos mais respeitados corais da Fran\u00e7a se apresentou no Santu\u00e1rio.<\/p>\n<p>\u201cNunca assisti a um espet\u00e1culo de gospel t\u00e3o maravilhoso, fiquei encantada\u201d, disse Maria Lea de Paula, de S\u00e3o Paulo.<\/p>\n<p>Assim como ela, o peregrino brasileiro sente-se em casa na Salette.<\/p>\n<p>Muitos dos volunt\u00e1rios s\u00e3o do Brasil, e o reitor \u00e9 o baiano Padre Manuel Bonfim \u2014 que acolhe a todos com muita alegria junto com seus coirm\u00e3os.<\/p>\n<p>\u201c\u00c9 festa o ano inteiro. Come\u00e7amos em 19 de mar\u00e7o e vamos at\u00e9 o dia 13 de novembro com o fechamento da Porta Santa e tamb\u00e9m o fechamento da Esta\u00e7\u00e3o do Santu\u00e1rio. Convidamos a todos os brasileiros a conhecer La Salette, esta montanha de gra\u00e7a, de reconcilia\u00e7\u00e3o, de paz, um Santu\u00e1rio mariano de portas abertas para o Brasil\u201d, disse o reitor.<\/p>\n<p>A celebra\u00e7\u00e3o dominical tamb\u00e9m teve a participa\u00e7\u00e3o do coral para saudar a imagem de Nossa Senhora, agora com a coroa aben\u00e7oada pelo Papa Francisco em maio.<\/p>\n<p>\u201cEu chorei o tempo inteiro porque a emo\u00e7\u00e3o que a gente traz no cora\u00e7\u00e3o \u00e9 muito grande. N\u00f3s temos a Nossa Senhora l\u00e1, mas aqui parece que tocou mais na gente. A emo\u00e7\u00e3o \u00e9 grande de ver a coroa que o Papa aben\u00e7oou aqui na Salette. N\u00e3o d\u00e1 pra descrever o que acontece aqui nesta montanha. \u00c9 uma emo\u00e7\u00e3o grande, que todos que puderem deveriam vir para pisar neste solo sagrado que, com certeza, Nossa Senhora vai estar sempre do lado\u201d, contou S\u00f4nia Maria Domin\u00edcio Paz, de S\u00e3o Paulo.<\/p>\n<p style=\"text-align: justify;\">\u00a0<\/p>\n<p style=\"text-align: justify;\">Fonte: R\u00e1dio Vaticano<\/p>\n","protected":false},"excerpt":{"rendered":"<p>N\u00e3o \u00e9 preciso muito para sentir a n\u00edtida presen\u00e7a da &#8220;Belle Dame&#8221;: at\u00e9 mesmo os cora\u00e7\u00f5es mais fechados abrem-se aos p\u00e9s de Nossa Senhora da Salette, M\u00e3e de Reconcilia\u00e7\u00e3o. Ningu\u00e9m chega \u00e0 Salette por acaso: essa montanha isolada no meio dos Alpes franceses \u00e9 considerada sagrada pelos peregrinos e moradores dos vilarejos mais pr\u00f3ximos. Ali, [&hellip;]<\/p>\n","protected":false},"author":1,"featured_media":15455,"comment_status":"open","ping_status":"open","sticky":false,"template":"","format":"standard","meta":{"footnotes":""},"categories":[3],"tags":[],"class_list":["post-15456","post","type-post","status-publish","format-standard","has-post-thumbnail","hentry","category-vaticano"],"_links":{"self":[{"href":"https:\/\/catolicanet.net\/wp-cnet\/wp-json\/wp\/v2\/posts\/15456","targetHints":{"allow":["GET"]}}],"collection":[{"href":"https:\/\/catolicanet.net\/wp-cnet\/wp-json\/wp\/v2\/posts"}],"about":[{"href":"https:\/\/catolicanet.net\/wp-cnet\/wp-json\/wp\/v2\/types\/post"}],"author":[{"embeddable":true,"href":"https:\/\/catolicanet.net\/wp-cnet\/wp-json\/wp\/v2\/users\/1"}],"replies":[{"embeddable":true,"href":"https:\/\/catolicanet.net\/wp-cnet\/wp-json\/wp\/v2\/comments?post=15456"}],"version-history":[{"count":1,"href":"https:\/\/catolicanet.net\/wp-cnet\/wp-json\/wp\/v2\/posts\/15456\/revisions"}],"predecessor-version":[{"id":28616,"href":"https:\/\/catolicanet.net\/wp-cnet\/wp-json\/wp\/v2\/posts\/15456\/revisions\/28616"}],"wp:featuredmedia":[{"embeddable":true,"href":"https:\/\/catolicanet.net\/wp-cnet\/wp-json\/wp\/v2\/media\/15455"}],"wp:attachment":[{"href":"https:\/\/catolicanet.net\/wp-cnet\/wp-json\/wp\/v2\/media?parent=15456"}],"wp:term":[{"taxonomy":"category","embeddable":true,"href":"https:\/\/catolicanet.net\/wp-cnet\/wp-json\/wp\/v2\/categories?post=15456"},{"taxonomy":"post_tag","embeddable":true,"href":"https:\/\/catolicanet.net\/wp-cnet\/wp-json\/wp\/v2\/tags?post=15456"}],"curies":[{"name":"wp","href":"https:\/\/api.w.org\/{rel}","templated":true}]}}