{"id":15454,"date":"2016-06-21T13:18:24","date_gmt":"2016-06-21T16:18:24","guid":{"rendered":"http:\/\/catolicanet.net\/wp-cnet\/2016\/06\/21\/rio-2016-campanha-alerta-turistas-contra-turismo-sexual\/"},"modified":"2017-06-02T14:03:16","modified_gmt":"2017-06-02T17:03:16","slug":"rio-2016-campanha-alerta-turistas-contra-turismo-sexual","status":"publish","type":"post","link":"https:\/\/catolicanet.net\/wp-cnet\/rio-2016-campanha-alerta-turistas-contra-turismo-sexual\/","title":{"rendered":"Rio 2016: campanha alerta turistas contra turismo sexual"},"content":{"rendered":"<p style=\"text-align: justify;\"><img decoding=\"async\" src=\"http:\/\/www.catolicanet.com.br\/images\/stories\/noticias\/ap2524840_articolo.jpg\" border=\"0\" align=\"left\" \/>A sede da R\u00e1dio Vaticano acolheu esta ter\u00e7a-feira (21\/06) a coletiva de apresenta\u00e7\u00e3o da campanha \u201cJogue a Favor da Vida\u201d em vista das Olimp\u00edadas do Rio de Janeiro.<\/p>\n<p>Al\u00e9m do esporte em si, os Jogos Ol\u00edmpicos s\u00e3o uma oportunidades de lazer, cultura e emprego tempor\u00e1rio. Mas s\u00e3o tamb\u00e9m ocasi\u00e3o para intensificar o turismo sexual, com a a\u00e7\u00e3o de quadrilhas que se organizam para aliciar, explorar e traficar pessoas.<\/p>\n<p>Para prevenir esses riscos, a campanha quer alertar os turistas que ir\u00e3o ao Rio de Janeiro, principalmente para que n\u00e3o paguem por presta\u00e7\u00f5es sexuais de meninas que podem estar envolvidas no tr\u00e1fico. <\/p>\n<p>Da coletiva em Roma, participou o Prefeito da Congrega\u00e7\u00e3o para os Institutos de Vida Consagrada e as Sociedades de Vida Apost\u00f3lica, o Cardeal brasileiro Jo\u00e3o Braz de Aviz, que comentou um dos lemas da campanha: &#8220;Explora\u00e7\u00e3o sexual n\u00e3o \u00e9 turismo, \u00e9 crime&#8221;.<\/p>\n<p>Ou\u00e7a Dom Jo\u00e3o: <\/p>\n<p>Tamb\u00e9m participou da coletiva a respons\u00e1vel pela rede internacional das consagradas contra o tr\u00e1fico Talitha Kum, Ir. Gabriella Bottani, que explica como \u00e9 articulada a campanha:<\/p>\n<p>No dia 31 de maio, a campanha foi lan\u00e7ada no Brasil no Santu\u00e1rio do Cristo Redentor, com a participa\u00e7\u00e3o da coordenadora de \u201cUm grito pela Vida\u201d, Ir. Eurides Alves de Oliveira. A iniciativa est\u00e1 sendo feita em escolas, nas redes sociais e juntos aos turistas. <\/p>\n<p style=\"text-align: justify;\">Fonte: R\u00e1dio Vaticano<\/p>\n","protected":false},"excerpt":{"rendered":"<p>A sede da R\u00e1dio Vaticano acolheu esta ter\u00e7a-feira (21\/06) a coletiva de apresenta\u00e7\u00e3o da campanha \u201cJogue a Favor da Vida\u201d em vista das Olimp\u00edadas do Rio de Janeiro. Al\u00e9m do esporte em si, os Jogos Ol\u00edmpicos s\u00e3o uma oportunidades de lazer, cultura e emprego tempor\u00e1rio. Mas s\u00e3o tamb\u00e9m ocasi\u00e3o para intensificar o turismo sexual, com [&hellip;]<\/p>\n","protected":false},"author":1,"featured_media":15453,"comment_status":"open","ping_status":"open","sticky":false,"template":"","format":"standard","meta":{"footnotes":""},"categories":[3],"tags":[],"class_list":["post-15454","post","type-post","status-publish","format-standard","has-post-thumbnail","hentry","category-vaticano"],"_links":{"self":[{"href":"https:\/\/catolicanet.net\/wp-cnet\/wp-json\/wp\/v2\/posts\/15454","targetHints":{"allow":["GET"]}}],"collection":[{"href":"https:\/\/catolicanet.net\/wp-cnet\/wp-json\/wp\/v2\/posts"}],"about":[{"href":"https:\/\/catolicanet.net\/wp-cnet\/wp-json\/wp\/v2\/types\/post"}],"author":[{"embeddable":true,"href":"https:\/\/catolicanet.net\/wp-cnet\/wp-json\/wp\/v2\/users\/1"}],"replies":[{"embeddable":true,"href":"https:\/\/catolicanet.net\/wp-cnet\/wp-json\/wp\/v2\/comments?post=15454"}],"version-history":[{"count":1,"href":"https:\/\/catolicanet.net\/wp-cnet\/wp-json\/wp\/v2\/posts\/15454\/revisions"}],"predecessor-version":[{"id":28609,"href":"https:\/\/catolicanet.net\/wp-cnet\/wp-json\/wp\/v2\/posts\/15454\/revisions\/28609"}],"wp:featuredmedia":[{"embeddable":true,"href":"https:\/\/catolicanet.net\/wp-cnet\/wp-json\/wp\/v2\/media\/15453"}],"wp:attachment":[{"href":"https:\/\/catolicanet.net\/wp-cnet\/wp-json\/wp\/v2\/media?parent=15454"}],"wp:term":[{"taxonomy":"category","embeddable":true,"href":"https:\/\/catolicanet.net\/wp-cnet\/wp-json\/wp\/v2\/categories?post=15454"},{"taxonomy":"post_tag","embeddable":true,"href":"https:\/\/catolicanet.net\/wp-cnet\/wp-json\/wp\/v2\/tags?post=15454"}],"curies":[{"name":"wp","href":"https:\/\/api.w.org\/{rel}","templated":true}]}}