{"id":15452,"date":"2016-06-21T13:15:22","date_gmt":"2016-06-21T16:15:22","guid":{"rendered":"http:\/\/catolicanet.net\/wp-cnet\/2016\/06\/21\/acnur-denuncia-paralisia-politica-em-relacao-aos-refugiados\/"},"modified":"2017-06-02T09:39:32","modified_gmt":"2017-06-02T12:39:32","slug":"acnur-denuncia-paralisia-politica-em-relacao-aos-refugiados","status":"publish","type":"post","link":"https:\/\/catolicanet.net\/wp-cnet\/acnur-denuncia-paralisia-politica-em-relacao-aos-refugiados\/","title":{"rendered":"ACNUR denuncia &#8216;paralisia pol\u00edtica&#8217; em rela\u00e7\u00e3o aos refugiados"},"content":{"rendered":"<p style=\"text-align: justify;\"><img decoding=\"async\" src=\"http:\/\/www.catolicanet.com.br\/images\/stories\/noticias\/ap3047607_articolo.jpg\" border=\"0\" align=\"left\" \/>A Ag\u00eancia da ONU para Refugiados (ACNUR) comemora anualmente o Dia Mundial do Refugiado, em 20 de junho, para iluminar a coragem e a resili\u00eancia das fam\u00edlias for\u00e7adas a fugir de guerras ou persegui\u00e7\u00f5es. E a cada ano, o ACNUR procura encontrar um lampejo de esperan\u00e7a nas estat\u00edsticas globais que publicamos para mostrar que o mundo est\u00e1 encontrando solu\u00e7\u00f5es para curar o trauma que os refugiados vivem diariamente. Mas neste ano os sinais de esperan\u00e7a est\u00e3o dif\u00edceis de encontrar.<\/p>\n<p>Os n\u00fameros, a complexidade e dura\u00e7\u00e3o dos conflitos de hoje significam que o deslocamento for\u00e7ado atingiu um n\u00edvel sem precedentes desde a funda\u00e7\u00e3o da pr\u00f3pria ONU. Substancialmente, mais de 60 milh\u00f5es de pessoas est\u00e3o desenraizadas em todo o mundo. Cada dia uma nova trag\u00e9dia de refugiados \u00e9 noticiada nos meios de comunica\u00e7\u00e3o, com crian\u00e7as, m\u00e3es e pais perdendo suas vidas em uma tentativa desesperada de escapar da viol\u00eancia.<\/p>\n<p>Xenofobia<\/p>\n<p>Em meio a este cen\u00e1rio tr\u00e1gico, uma ret\u00f3rica pol\u00edtica desagregadora em quest\u00f5es de ref\u00fagio e migra\u00e7\u00e3o, e n\u00edveis preocupantes de xenofobia se unem para amea\u00e7ar os acordos internacionais que protegem aqueles que foram for\u00e7ados a fugir de guerras ou persegui\u00e7\u00f5es.<\/p>\n<p>Ao inv\u00e9s de dividir responsabilidades, n\u00f3s vemos fronteiras sendo fechadas. Em vez de vontade pol\u00edtica, existe paralisia pol\u00edtica. Organiza\u00e7\u00f5es humanit\u00e1rias como a minha acabam tendo que lidar com as consequ\u00eancias, enquanto ao mesmo tempo lutamos contra as dificuldades para salvar vidas com or\u00e7amentos limitados.<\/p>\n<p>No entanto, ainda h\u00e1 esperan\u00e7a. Em contraste com a narrativa t\u00f3xica repetitivamente exposta na m\u00eddia, n\u00f3s testemunhamos uma propaga\u00e7\u00e3o de generosidade por comunidades acolhedoras, por indiv\u00edduos e por fam\u00edlias que abrem seus lares. <\/p>\n<p>Solidariedade<\/p>\n<p>Essas pessoas comuns n\u00e3o veem os refugiados como mendigos, concorrentes por empregos ou terroristas \u2013 mas como pessoas como voc\u00ea ou eu, cujas vidas foram interrompidas pela guerra. Seus simples atos de solidariedade est\u00e3o acontecendo ao redor do mundo, todos os dias. <\/p>\n<p>O ACNUR v\u00ea 2016 como um divisor de \u00e1guas para a causa dos refugiados. Como as guerras se tornam incontrol\u00e1veis, n\u00f3s sentimos que este deve ser o ano para coletivizar responsabilidades e tomar a\u00e7\u00f5es que terminem com os conflitos que for\u00e7am as pessoas a fugir, al\u00e9m de ajudar milh\u00f5es de pessoas que tiveram suas vidas destru\u00eddas pela viol\u00eancia. <\/p>\n<p>Os l\u00edderes mundiais n\u00e3o podem mais assistir passivamente tantas vidas serem desnecessariamente perdidas. Devemos ser inteligentes para encontrar solu\u00e7\u00f5es que ajudem os refugiados. Temos de encontrar meios humanos e dignos para garantir que os refugiados n\u00e3o arrisquem suas vidas e a de suas fam\u00edlias, recorrendo a traficantes sem escr\u00fapulos ou se valendo de barcos fr\u00e1geis em uma tentativa de alcan\u00e7ar a seguran\u00e7a.<\/p>\n<p>Responsabilidades<\/p>\n<p>Um hist\u00f3rico encontro de alto n\u00edvel da Assembleia Geral das Na\u00e7\u00f5es Unidas sobre grandes fluxos de refugiados e migrantes, no pr\u00f3ximo dia 19 de setembro, nos colocar\u00e1 \u00e0 prova. Os Governos se pronunciar\u00e3o e far\u00e3o novos compromissos para compartilhar responsabilidades para com os refugiados em um esp\u00edrito de uma solidariedade global, em linha com os princ\u00edpios b\u00e1sicos do direito internacional dos refugiados? E, al\u00e9m disso, se comprometer\u00e3o a fazer sua parte para assistir as pessoas for\u00e7adas a fugir de suas casas e que perderam tudo, n\u00e3o por culpa pr\u00f3pria?<\/p>\n<p>O ACNUR est\u00e1 #ComOsRefugiados, no dia Mundial dos Refugiados e todos os dias \u2013 e no dia 19 de setembro n\u00f3s queremos que o mundo se junte a n\u00f3s. Assim poderemos mandar uma mensagem aos l\u00edderes mundiais que eles devem agir. <\/p>\n<p>Join our #WithRefugees campaign <br \/>World Refugee Day 20 June<\/p>\n<p style=\"text-align: justify;\">\u00a0<\/p>\n<p style=\"text-align: justify;\">Fonte: R\u00e1dio Vaticano<\/p>\n","protected":false},"excerpt":{"rendered":"<p>A Ag\u00eancia da ONU para Refugiados (ACNUR) comemora anualmente o Dia Mundial do Refugiado, em 20 de junho, para iluminar a coragem e a resili\u00eancia das fam\u00edlias for\u00e7adas a fugir de guerras ou persegui\u00e7\u00f5es. E a cada ano, o ACNUR procura encontrar um lampejo de esperan\u00e7a nas estat\u00edsticas globais que publicamos para mostrar que o [&hellip;]<\/p>\n","protected":false},"author":1,"featured_media":15451,"comment_status":"open","ping_status":"open","sticky":false,"template":"","format":"standard","meta":{"footnotes":""},"categories":[3],"tags":[],"class_list":["post-15452","post","type-post","status-publish","format-standard","has-post-thumbnail","hentry","category-vaticano"],"_links":{"self":[{"href":"https:\/\/catolicanet.net\/wp-cnet\/wp-json\/wp\/v2\/posts\/15452","targetHints":{"allow":["GET"]}}],"collection":[{"href":"https:\/\/catolicanet.net\/wp-cnet\/wp-json\/wp\/v2\/posts"}],"about":[{"href":"https:\/\/catolicanet.net\/wp-cnet\/wp-json\/wp\/v2\/types\/post"}],"author":[{"embeddable":true,"href":"https:\/\/catolicanet.net\/wp-cnet\/wp-json\/wp\/v2\/users\/1"}],"replies":[{"embeddable":true,"href":"https:\/\/catolicanet.net\/wp-cnet\/wp-json\/wp\/v2\/comments?post=15452"}],"version-history":[{"count":1,"href":"https:\/\/catolicanet.net\/wp-cnet\/wp-json\/wp\/v2\/posts\/15452\/revisions"}],"predecessor-version":[{"id":27631,"href":"https:\/\/catolicanet.net\/wp-cnet\/wp-json\/wp\/v2\/posts\/15452\/revisions\/27631"}],"wp:featuredmedia":[{"embeddable":true,"href":"https:\/\/catolicanet.net\/wp-cnet\/wp-json\/wp\/v2\/media\/15451"}],"wp:attachment":[{"href":"https:\/\/catolicanet.net\/wp-cnet\/wp-json\/wp\/v2\/media?parent=15452"}],"wp:term":[{"taxonomy":"category","embeddable":true,"href":"https:\/\/catolicanet.net\/wp-cnet\/wp-json\/wp\/v2\/categories?post=15452"},{"taxonomy":"post_tag","embeddable":true,"href":"https:\/\/catolicanet.net\/wp-cnet\/wp-json\/wp\/v2\/tags?post=15452"}],"curies":[{"name":"wp","href":"https:\/\/api.w.org\/{rel}","templated":true}]}}