{"id":15450,"date":"2016-06-21T13:11:34","date_gmt":"2016-06-21T16:11:34","guid":{"rendered":"http:\/\/catolicanet.net\/wp-cnet\/2016\/06\/21\/no-primeiro-aniversario-laudato-si-ganha-site\/"},"modified":"2017-06-02T11:23:58","modified_gmt":"2017-06-02T14:23:58","slug":"no-primeiro-aniversario-laudato-si-ganha-site","status":"publish","type":"post","link":"https:\/\/catolicanet.net\/wp-cnet\/no-primeiro-aniversario-laudato-si-ganha-site\/","title":{"rendered":"No primeiro anivers\u00e1rio, Laudato si ganha site"},"content":{"rendered":"<p style=\"text-align: justify;\"><img decoding=\"async\" src=\"http:\/\/www.catolicanet.com.br\/images\/stories\/papas\/rv9246_articolo.jpg\" border=\"0\" align=\"left\" \/>H\u00e1 um ano da publica\u00e7\u00e3o da enc\u00edclica Laudato si do Papa Francisco, o Pontif\u00edcio Conselho da Justi\u00e7a e da Paz abriu o site \u2018laudatosi.va\u2019, que analisa e aprofunda o conte\u00fado do documento.<\/p>\n<p>O an\u00fancio foi feito pelo pr\u00f3prio presidente do Conselho, o cardeal gan\u00eas Peter Turkson, durante um congresso em Roma para celebrar o primeiro anivers\u00e1rio da enc\u00edclica.<\/p>\n<p>O site apresenta documentos que oferecem exemplos de sua aplica\u00e7\u00e3o e transmiss\u00e3o, contando as boas pr\u00e1ticas que \u00e0 luz da Enc\u00edclica s\u00e3o encorajadas e que d\u00e3o a ideia do acolhimento que o documento teve no mundo, inclusive fora do meio eclesial.<\/p>\n<p>O material estar\u00e1 dispon\u00edvel em quatro l\u00ednguas: italiano, ingl\u00eas, franc\u00eas e espanhol.<\/p>\n<p>Recordando que o compromisso com a tutela da cria\u00e7\u00e3o \u00e9 comum ao Papa e ao Patriarca Ecum\u00eanico Bartolomeu, o Arquimandrita Athenagoras Fasiolo, presente do congresso, recordou a visita dos dois l\u00edderes religiosos \u00e0 ilha de Lesbos, na Gr\u00e9cia, \u201conde a salvaguarda da cria\u00e7\u00e3o mostrou-se intrinsecamente ligada \u00e0 salva\u00e7\u00e3o espiritual e \u00e1 dignidade humana de todo ser que sofre pela crueza e a aliena\u00e7\u00e3o do homem sobre o homem\u201d.<\/p>\n<p style=\"text-align: justify;\">\u00a0<\/p>\n<p style=\"text-align: justify;\">Fonte: R\u00e1dio Vaticano<\/p>\n","protected":false},"excerpt":{"rendered":"<p>H\u00e1 um ano da publica\u00e7\u00e3o da enc\u00edclica Laudato si do Papa Francisco, o Pontif\u00edcio Conselho da Justi\u00e7a e da Paz abriu o site \u2018laudatosi.va\u2019, que analisa e aprofunda o conte\u00fado do documento. O an\u00fancio foi feito pelo pr\u00f3prio presidente do Conselho, o cardeal gan\u00eas Peter Turkson, durante um congresso em Roma para celebrar o primeiro [&hellip;]<\/p>\n","protected":false},"author":1,"featured_media":15449,"comment_status":"open","ping_status":"open","sticky":false,"template":"","format":"standard","meta":{"footnotes":""},"categories":[3],"tags":[],"class_list":["post-15450","post","type-post","status-publish","format-standard","has-post-thumbnail","hentry","category-vaticano"],"_links":{"self":[{"href":"https:\/\/catolicanet.net\/wp-cnet\/wp-json\/wp\/v2\/posts\/15450","targetHints":{"allow":["GET"]}}],"collection":[{"href":"https:\/\/catolicanet.net\/wp-cnet\/wp-json\/wp\/v2\/posts"}],"about":[{"href":"https:\/\/catolicanet.net\/wp-cnet\/wp-json\/wp\/v2\/types\/post"}],"author":[{"embeddable":true,"href":"https:\/\/catolicanet.net\/wp-cnet\/wp-json\/wp\/v2\/users\/1"}],"replies":[{"embeddable":true,"href":"https:\/\/catolicanet.net\/wp-cnet\/wp-json\/wp\/v2\/comments?post=15450"}],"version-history":[{"count":1,"href":"https:\/\/catolicanet.net\/wp-cnet\/wp-json\/wp\/v2\/posts\/15450\/revisions"}],"predecessor-version":[{"id":28185,"href":"https:\/\/catolicanet.net\/wp-cnet\/wp-json\/wp\/v2\/posts\/15450\/revisions\/28185"}],"wp:featuredmedia":[{"embeddable":true,"href":"https:\/\/catolicanet.net\/wp-cnet\/wp-json\/wp\/v2\/media\/15449"}],"wp:attachment":[{"href":"https:\/\/catolicanet.net\/wp-cnet\/wp-json\/wp\/v2\/media?parent=15450"}],"wp:term":[{"taxonomy":"category","embeddable":true,"href":"https:\/\/catolicanet.net\/wp-cnet\/wp-json\/wp\/v2\/categories?post=15450"},{"taxonomy":"post_tag","embeddable":true,"href":"https:\/\/catolicanet.net\/wp-cnet\/wp-json\/wp\/v2\/tags?post=15450"}],"curies":[{"name":"wp","href":"https:\/\/api.w.org\/{rel}","templated":true}]}}