{"id":15416,"date":"2016-06-20T14:00:34","date_gmt":"2016-06-20T17:00:34","guid":{"rendered":"http:\/\/catolicanet.net\/wp-cnet\/2016\/06\/20\/os-catolicos-que-participam-na-politica-deveriam-suprimir-sua-fe\/"},"modified":"2017-05-31T10:22:25","modified_gmt":"2017-05-31T13:22:25","slug":"os-catolicos-que-participam-na-politica-deveriam-suprimir-sua-fe","status":"publish","type":"post","link":"https:\/\/catolicanet.net\/wp-cnet\/os-catolicos-que-participam-na-politica-deveriam-suprimir-sua-fe\/","title":{"rendered":"Os cat\u00f3licos que participam na pol\u00edtica deveriam suprimir sua f\u00e9?"},"content":{"rendered":"<p style=\"text-align: justify;\"><img decoding=\"async\" src=\"http:\/\/www.catolicanet.com.br\/images\/stories\/noticias\/catolicoreza_pixabay_160616.jpg\" border=\"0\" align=\"left\" \/>Pessoas que promovem o laicismo nos Estados insistem que a religi\u00e3o deve permanecer no \u00e2mbito privado dos funcion\u00e1rios p\u00fablicos e dos pol\u00edticos. Isto \u00e9 poss\u00edvel? Para o Procurador Geral da Na\u00e7\u00e3o da Col\u00f4mbia, Alejandro Ord\u00f3\u00f1ez, atuar assim evidenciaria uma \u201cesp\u00e9cie de esquizofrenia social\u201d.<\/p>\n<p>Alejandro Ord\u00f3\u00f1ez, cat\u00f3lico e um dos mais ass\u00edduos defensores da vida, da fam\u00edlia e da legalidade na Col\u00f4mbia, em seu cargo suportou diversos ataques midi\u00e1ticos, ao mesmo tempo que enfrentou diversas institui\u00e7\u00f5es do Estado como o Tribunal Constitucional.<\/p>\n<p>Ord\u00f3\u00f1ez serviu no cargo de Procurador Geral da Na\u00e7\u00e3o por dois per\u00edodos, desde 2009.<\/p>\n<p>Em entrevista concedida ao Grupo ACI, Ord\u00f3\u00f1ez assinalou: \u201cHoje vemos uma esp\u00e9cie de esquizofrenia social dos servidores p\u00fablicos. \u00c9 permitido que eles possam pensar o quiserem em privado, mas atuar diferente em p\u00fablico\u201d.<\/p>\n<p>\u201cH\u00e1 algo que atualmente sentimos falta em nossa sociedade, e isso \u00e9 a coer\u00eancia. A coer\u00eancia que o cat\u00f3lico deve ter entre sua vida privada e sua vida p\u00fablica\u201d, indicou.<\/p>\n<p>Para o Procurador Geral da Na\u00e7\u00e3o, \u201cnossa vida familiar e religiosa \u00e9 claramente determinante em nossa vida p\u00fablica\u201d, pois de outra forma \u201cestamos frente a um grave problema, pois terminamos fazendo coisas que n\u00e3o acreditamos e n\u00e3o pensamos\u201d.<\/p>\n<p>Ao atuar contra o que acreditamos que seja correto, \u201cconvertemo-nos em homens sem consci\u00eancia ou atuando contra a nossa consci\u00eancia\u201d.<\/p>\n<p>\u201c\u00c9 um dram\u00e1tico cen\u00e1rio moral que hoje a experi\u00eancia nos demonstra os lament\u00e1veis atos de corrup\u00e7\u00e3o em nosso Estado\u201d.<\/p>\n<p>Ord\u00f3\u00f1ez sublinhou que \u201c\u00e9 evidente que se tivermos bons filhos, bons pais, bons esposos, com certeza teremos bons cidad\u00e3os e bons funcion\u00e1rios\u201d.<\/p>\n<p>\u201cMas se aceitarmos o div\u00f3rcio entre as esferas privada e p\u00fablica, onde se patrocine a desordem pessoal, encontraremo-nos com homens em conflito consigo mesmos que geralmente terminar\u00e3o fazendo mau uso do p\u00fablico\u201d.<\/p>\n<p>Um bom cat\u00f3lico \u00e9 \u201cgarantia de um bom funcion\u00e1rio\u201d<\/p>\n<p>\u201cSer um bom cat\u00f3lico \u00e9 a garantia de ser um bom funcion\u00e1rio\u201d, assegurou o Procurador, pois \u201cas virtudes e normas morais lhe impedir\u00e3o de servir-se \u2018do\u2019 p\u00fablico para, na verdade, servir \u2018o\u2019 p\u00fablico\u201d.<\/p>\n<p>\u201cComo disse no discurso quando assumi pela segunda vez o cargo de Procurador, primeiramente eu perdoo todos os que me odeiam, perseguem e, tamb\u00e9m disse coloquialmente, fazem bullying, pelo simples fato das minhas cren\u00e7as e opini\u00f5es\u201d, assinalou.<\/p>\n<p>\u201cEm segundo lugar, devo dizer que para mim \u00e9 uma grande honra, embora um m\u00e9rito n\u00e3o merecido, ter sido promovido de soldado a general no campo de batalha, pois n\u00e3o duvido que h\u00e1 pessoas muito melhor preparadas e dotadas que eu para estas lutas, mas quanto eu gostaria que mostrassem seus rostos, que abandonassem as falsas prud\u00eancias, os sil\u00eancios hostis\u201d, disse.<\/p>\n<p>\u201cDavi contra Golias\u201d<\/p>\n<p>Ord\u00f3\u00f1ez recordou que durante seu trabalho \u00e0 frente da Procuradoria e ao receber os fortes ataques midi\u00e1ticos, \u201chouve v\u00e1rios momentos dolorosos e dif\u00edceis, sobretudo para a minha fam\u00edlia\u201d.<\/p>\n<p>\u201cH\u00e1 momentos em que realmente nos sentimos como Davi contra Golias ou como um peixe que nada contra a corrente. Mas tivemos que passar por isso.<\/p>\n<p>Entretanto, precisou, enquanto \u201cos meios dominantes \u2013 bem poucos em n\u00famero \u2013 se organizam com frequ\u00eancia quase que ao un\u00edssono contra tudo o que diga ou fa\u00e7a o Procurador ou, em geral, contra tudo o que n\u00e3o seja \u2018progre\u2019\u201d, a ele resulta \u201cmuito edificante o agradecimento, as felicita\u00e7\u00f5es e especialmente as ora\u00e7\u00f5es de muitos cidad\u00e3os de todo o pa\u00eds\u201d.<\/p>\n<p>\u201cQuando pretenderam deslegitimar meu cargo\u2018acusando-me\u2019 algumas vezes de conservador e outras de reacion\u00e1rio, normalmente me lembro do pensador franc\u00eas Georges Bernanos, que em seu texto \u2018Liberdade para qu\u00ea?\u2019 explica: \u2018ser reacion\u00e1rio quer dizer simplesmente estar vivo, pois s\u00f3 os cad\u00e1veres n\u00e3o reagem contra os vermes que o devoram. Essa \u00e9 a tarefa dos reacion\u00e1rios, permanecer vivos, levar os germes da vida, dentro do corpo agonizante do estado\u2019\u201d.<\/p>\n<p>Em seguida, Ord\u00f3\u00f1ez lamentou a atual \u201cintoler\u00e2ncia aberta\u201d contra \u201cas posi\u00e7\u00f5es de princ\u00edpios\u201d, o qual levou a que muitas pessoas que defendem os princ\u00edpios da vida e da fam\u00edlia \u201ctemam o linchamento midi\u00e1tico, que se converteu na ferramenta mais efetiva para promover as agendas radicais\u201c.<\/p>\n<p>A valentia vem do Senhor<\/p>\n<p>O Procurador explicou que a valentia para enfrentar esta intoler\u00e2ncia \u201cvem de uma gra\u00e7a especial que Nosso Senhor concede \u00e0queles que a pedem com f\u00e9\u201d.<\/p>\n<p>Por isso, Ord\u00f3\u00f1ez agradeceu \u201cas ora\u00e7\u00f5es de milh\u00f5es de compatriotas que expressam que diariamente estou presente em suas preces, porque sabem que eu defendo o que \u00e9 verdadeiramente justo e bom para a sociedade\u201d.<\/p>\n<p>Al\u00e9m disso, indicou que a valentia \u201cnasce da consci\u00eancia de saber que de meus atos e omiss\u00f5es um dia n\u00e3o muito longe terei que prestar contas ao Criador\u201d.<\/p>\n<p style=\"text-align: justify;\">\u00a0<\/p>\n<p style=\"text-align: justify;\">Fonte: Acidigital<\/p>\n","protected":false},"excerpt":{"rendered":"<p>Pessoas que promovem o laicismo nos Estados insistem que a religi\u00e3o deve permanecer no \u00e2mbito privado dos funcion\u00e1rios p\u00fablicos e dos pol\u00edticos. Isto \u00e9 poss\u00edvel? Para o Procurador Geral da Na\u00e7\u00e3o da Col\u00f4mbia, Alejandro Ord\u00f3\u00f1ez, atuar assim evidenciaria uma \u201cesp\u00e9cie de esquizofrenia social\u201d. Alejandro Ord\u00f3\u00f1ez, cat\u00f3lico e um dos mais ass\u00edduos defensores da vida, da [&hellip;]<\/p>\n","protected":false},"author":1,"featured_media":15415,"comment_status":"open","ping_status":"open","sticky":false,"template":"","format":"standard","meta":{"footnotes":""},"categories":[4],"tags":[],"class_list":["post-15416","post","type-post","status-publish","format-standard","has-post-thumbnail","hentry","category-cotidiano"],"_links":{"self":[{"href":"https:\/\/catolicanet.net\/wp-cnet\/wp-json\/wp\/v2\/posts\/15416","targetHints":{"allow":["GET"]}}],"collection":[{"href":"https:\/\/catolicanet.net\/wp-cnet\/wp-json\/wp\/v2\/posts"}],"about":[{"href":"https:\/\/catolicanet.net\/wp-cnet\/wp-json\/wp\/v2\/types\/post"}],"author":[{"embeddable":true,"href":"https:\/\/catolicanet.net\/wp-cnet\/wp-json\/wp\/v2\/users\/1"}],"replies":[{"embeddable":true,"href":"https:\/\/catolicanet.net\/wp-cnet\/wp-json\/wp\/v2\/comments?post=15416"}],"version-history":[{"count":1,"href":"https:\/\/catolicanet.net\/wp-cnet\/wp-json\/wp\/v2\/posts\/15416\/revisions"}],"predecessor-version":[{"id":25770,"href":"https:\/\/catolicanet.net\/wp-cnet\/wp-json\/wp\/v2\/posts\/15416\/revisions\/25770"}],"wp:featuredmedia":[{"embeddable":true,"href":"https:\/\/catolicanet.net\/wp-cnet\/wp-json\/wp\/v2\/media\/15415"}],"wp:attachment":[{"href":"https:\/\/catolicanet.net\/wp-cnet\/wp-json\/wp\/v2\/media?parent=15416"}],"wp:term":[{"taxonomy":"category","embeddable":true,"href":"https:\/\/catolicanet.net\/wp-cnet\/wp-json\/wp\/v2\/categories?post=15416"},{"taxonomy":"post_tag","embeddable":true,"href":"https:\/\/catolicanet.net\/wp-cnet\/wp-json\/wp\/v2\/tags?post=15416"}],"curies":[{"name":"wp","href":"https:\/\/api.w.org\/{rel}","templated":true}]}}