{"id":15414,"date":"2016-06-20T13:55:14","date_gmt":"2016-06-20T16:55:14","guid":{"rendered":"http:\/\/catolicanet.net\/wp-cnet\/2016\/06\/20\/diocese-de-franca-realizara-jdj-2016\/"},"modified":"2017-05-31T10:22:25","modified_gmt":"2017-05-31T13:22:25","slug":"diocese-de-franca-realizara-jdj-2016","status":"publish","type":"post","link":"https:\/\/catolicanet.net\/wp-cnet\/diocese-de-franca-realizara-jdj-2016\/","title":{"rendered":"Diocese de Franca realizar\u00e1 JDJ 2016"},"content":{"rendered":"<p style=\"text-align: justify;\"><img decoding=\"async\" src=\"http:\/\/www.catolicanet.com.br\/images\/stories\/noticias\/jdj-2016.jpg\" border=\"0\" align=\"left\" \/>A Diocese de Franca, no estado de S\u00e3o Paulo est\u00e1 a todo vapor em prepara\u00e7\u00e3o para a Jornada Diocesana \u2013 2016. Ser\u00e1 no dia 26 de Junho, a partir das 08h na Cidade de Guar\u00e1|SP.<br \/>Todas as Par\u00f3quias est\u00e3o se organizando para estarem presentes neste dia t\u00e3o especial na vida da Juventude Diocesana. A previs\u00e3o para este ano \u00e9 de mais 4.000 jovens, que j\u00e1 foram confirmados pela organiza\u00e7\u00e3o do evento.<\/p>\n<p>Seguem algumas informa\u00e7\u00f5es sobre a JDJ na diocese de Franca que esse ano trar\u00e1 novidades:<\/p>\n<p>\u2013 15 Locais para Catequese e um sacerdote em cada espa\u00e7o para ministrar a catequese;<br \/>\u2013 Testemunhos vocacionais com seminaristas diocesanos;<br \/>\u2013 Ora\u00e7\u00e3o das Laudes, apresenta\u00e7\u00e3o de Bandas, Teatro e Dan\u00e7a.<br \/>No pr\u00f3prio local da Catequese ser\u00e3o servidos o Caf\u00e9 da Manh\u00e3 e o almo\u00e7o, gratuitamente.<br \/>Ap\u00f3s o almo\u00e7o os jovens ir\u00e3o em peregrina\u00e7\u00e3o at\u00e9 a Pra\u00e7a da Igreja Matriz, neste percurso haver\u00e3o 04 trios El\u00e9tricos que animar\u00e3o o percurso da caminhada. Esta peregrina\u00e7\u00e3o partir\u00e1 de 04 pontos da Cidade.<\/p>\n<p>Na Pra\u00e7a da Matriz acontecer\u00e1 o show de lan\u00e7amento do novo CD da Banda \u201cLouvor e Gl\u00f3ria\u201d e \u00e0s 16h para o encerramento acontecer\u00e1 a Celebra\u00e7\u00e3o Eucar\u00edstica presidida por Dom Paulo Roberto. O Bispo divulgar\u00e1 aonde ser\u00e1 a pr\u00f3xima JDJ, passando a Cruz e \u00cdcone de Maria para os jovens desta nova sede.<\/p>\n<p>Por Pe. Raphael Rom\u00e3o \u2013 Assessor Eclesi\u00e1stico do Setor Juventude<\/p>\n<p style=\"text-align: justify;\">\u00a0<\/p>\n<p style=\"text-align: justify;\">Fonte: Jovens Conectados<\/p>\n","protected":false},"excerpt":{"rendered":"<p>A Diocese de Franca, no estado de S\u00e3o Paulo est\u00e1 a todo vapor em prepara\u00e7\u00e3o para a Jornada Diocesana \u2013 2016. Ser\u00e1 no dia 26 de Junho, a partir das 08h na Cidade de Guar\u00e1|SP.Todas as Par\u00f3quias est\u00e3o se organizando para estarem presentes neste dia t\u00e3o especial na vida da Juventude Diocesana. A previs\u00e3o para [&hellip;]<\/p>\n","protected":false},"author":1,"featured_media":15413,"comment_status":"open","ping_status":"open","sticky":false,"template":"","format":"standard","meta":{"footnotes":""},"categories":[4],"tags":[],"class_list":["post-15414","post","type-post","status-publish","format-standard","has-post-thumbnail","hentry","category-cotidiano"],"_links":{"self":[{"href":"https:\/\/catolicanet.net\/wp-cnet\/wp-json\/wp\/v2\/posts\/15414","targetHints":{"allow":["GET"]}}],"collection":[{"href":"https:\/\/catolicanet.net\/wp-cnet\/wp-json\/wp\/v2\/posts"}],"about":[{"href":"https:\/\/catolicanet.net\/wp-cnet\/wp-json\/wp\/v2\/types\/post"}],"author":[{"embeddable":true,"href":"https:\/\/catolicanet.net\/wp-cnet\/wp-json\/wp\/v2\/users\/1"}],"replies":[{"embeddable":true,"href":"https:\/\/catolicanet.net\/wp-cnet\/wp-json\/wp\/v2\/comments?post=15414"}],"version-history":[{"count":1,"href":"https:\/\/catolicanet.net\/wp-cnet\/wp-json\/wp\/v2\/posts\/15414\/revisions"}],"predecessor-version":[{"id":25771,"href":"https:\/\/catolicanet.net\/wp-cnet\/wp-json\/wp\/v2\/posts\/15414\/revisions\/25771"}],"wp:featuredmedia":[{"embeddable":true,"href":"https:\/\/catolicanet.net\/wp-cnet\/wp-json\/wp\/v2\/media\/15413"}],"wp:attachment":[{"href":"https:\/\/catolicanet.net\/wp-cnet\/wp-json\/wp\/v2\/media?parent=15414"}],"wp:term":[{"taxonomy":"category","embeddable":true,"href":"https:\/\/catolicanet.net\/wp-cnet\/wp-json\/wp\/v2\/categories?post=15414"},{"taxonomy":"post_tag","embeddable":true,"href":"https:\/\/catolicanet.net\/wp-cnet\/wp-json\/wp\/v2\/tags?post=15414"}],"curies":[{"name":"wp","href":"https:\/\/api.w.org\/{rel}","templated":true}]}}