{"id":15402,"date":"2016-06-20T13:13:22","date_gmt":"2016-06-20T16:13:22","guid":{"rendered":"http:\/\/catolicanet.net\/wp-cnet\/2016\/06\/20\/armenia-a-espera-do-papa-nas-palavras-de-um-religioso\/"},"modified":"2017-06-02T09:46:35","modified_gmt":"2017-06-02T12:46:35","slug":"armenia-a-espera-do-papa-nas-palavras-de-um-religioso","status":"publish","type":"post","link":"https:\/\/catolicanet.net\/wp-cnet\/armenia-a-espera-do-papa-nas-palavras-de-um-religioso\/","title":{"rendered":"Arm\u00eania, \u00e0 espera do Papa nas palavras de um religioso"},"content":{"rendered":"<p style=\"text-align: justify;\"><img decoding=\"async\" src=\"http:\/\/www.catolicanet.com.br\/images\/stories\/noticias\/rv15844_articolo.jpg\" border=\"0\" align=\"left\" \/>Na pr\u00f3xima sexta-feira, o Papa Francisco partir\u00e1 em dire\u00e7\u00e3o da Arm\u00eania onde permanecer\u00e1 por tr\u00eas dias, at\u00e9 26 de junho. O pa\u00eds cauc\u00e1sico abra\u00e7ado pelo Evangelho j\u00e1 no ano 301, como recorda o lema da viagem apost\u00f3lica \u201cVisita ao primeiro pa\u00eds crist\u00e3o\u201d&#8217;. Para a comunidade arm\u00eania cat\u00f3lica est\u00e1 se aproximando o momento do esperado abra\u00e7o a Francisco.<\/p>\n<p>Hospital desejado por JPII<\/p>\n<p>Foi a primeira \u201cCruz Vermelha\u201d do C\u00e1ucaso, a dos camilianos de Ashotsk, um complexo habitacional a dois mil metros onde se encontra o Redemptoris Mater, o hospital desejado por Jo\u00e3o Paulo II e pela Caritas italiana para ajudar os mais pobres ap\u00f3s o terremoto 1998. Respons\u00e1vel pela estrutura, desde a sua cria\u00e7\u00e3o, \u00e9 o Padre Mario Cuccarollo, que conta \u00e0 R\u00e1dio Vaticano a hist\u00f3ria do hospital e a espera da visita do Papa Francisco. Com uma esperan\u00e7a. Que realize uma de suas improvisa\u00e7\u00f5es e v\u00e1 abra\u00e7ar os pacientes.<\/p>\n<p>\u201cO hospital foi constru\u00eddo pela Caritas italiana, a pedido de Jo\u00e3o Paulo II. \u00c9 um hospital que praticamente renovou o servi\u00e7o de sa\u00fade em toda a \u00e1rea da ex-regi\u00e3o de Ashotsk, e inclui 21 postos de sa\u00fade em todo o territ\u00f3rio. \u00c9 um pr\u00e9-fabricado que faz parte de uma \u00e1rea habitada por cerca de 15 mil pessoas, mas recebe pacientes de quase toda a Arm\u00eania e muitos da vizinha Ge\u00f3rgia. A espera do Papa \u00e9 certamente espasm\u00f3dica. Ser\u00e1 recebido como a pessoa mais importante no mundo, portanto a espera \u00e9 muito grande\u201d, disse o sacerdote.<\/p>\n<p style=\"text-align: justify;\">\u00a0<\/p>\n<p style=\"text-align: justify;\">Fonte: R\u00e1dio Vaticano<\/p>\n","protected":false},"excerpt":{"rendered":"<p>Na pr\u00f3xima sexta-feira, o Papa Francisco partir\u00e1 em dire\u00e7\u00e3o da Arm\u00eania onde permanecer\u00e1 por tr\u00eas dias, at\u00e9 26 de junho. O pa\u00eds cauc\u00e1sico abra\u00e7ado pelo Evangelho j\u00e1 no ano 301, como recorda o lema da viagem apost\u00f3lica \u201cVisita ao primeiro pa\u00eds crist\u00e3o\u201d&#8217;. Para a comunidade arm\u00eania cat\u00f3lica est\u00e1 se aproximando o momento do esperado abra\u00e7o [&hellip;]<\/p>\n","protected":false},"author":1,"featured_media":15401,"comment_status":"open","ping_status":"open","sticky":false,"template":"","format":"standard","meta":{"footnotes":""},"categories":[3],"tags":[],"class_list":["post-15402","post","type-post","status-publish","format-standard","has-post-thumbnail","hentry","category-vaticano"],"_links":{"self":[{"href":"https:\/\/catolicanet.net\/wp-cnet\/wp-json\/wp\/v2\/posts\/15402","targetHints":{"allow":["GET"]}}],"collection":[{"href":"https:\/\/catolicanet.net\/wp-cnet\/wp-json\/wp\/v2\/posts"}],"about":[{"href":"https:\/\/catolicanet.net\/wp-cnet\/wp-json\/wp\/v2\/types\/post"}],"author":[{"embeddable":true,"href":"https:\/\/catolicanet.net\/wp-cnet\/wp-json\/wp\/v2\/users\/1"}],"replies":[{"embeddable":true,"href":"https:\/\/catolicanet.net\/wp-cnet\/wp-json\/wp\/v2\/comments?post=15402"}],"version-history":[{"count":1,"href":"https:\/\/catolicanet.net\/wp-cnet\/wp-json\/wp\/v2\/posts\/15402\/revisions"}],"predecessor-version":[{"id":27662,"href":"https:\/\/catolicanet.net\/wp-cnet\/wp-json\/wp\/v2\/posts\/15402\/revisions\/27662"}],"wp:featuredmedia":[{"embeddable":true,"href":"https:\/\/catolicanet.net\/wp-cnet\/wp-json\/wp\/v2\/media\/15401"}],"wp:attachment":[{"href":"https:\/\/catolicanet.net\/wp-cnet\/wp-json\/wp\/v2\/media?parent=15402"}],"wp:term":[{"taxonomy":"category","embeddable":true,"href":"https:\/\/catolicanet.net\/wp-cnet\/wp-json\/wp\/v2\/categories?post=15402"},{"taxonomy":"post_tag","embeddable":true,"href":"https:\/\/catolicanet.net\/wp-cnet\/wp-json\/wp\/v2\/tags?post=15402"}],"curies":[{"name":"wp","href":"https:\/\/api.w.org\/{rel}","templated":true}]}}