{"id":15394,"date":"2016-06-20T12:58:10","date_gmt":"2016-06-20T15:58:10","guid":{"rendered":"http:\/\/catolicanet.net\/wp-cnet\/2016\/06\/20\/papa-a-cruz-nao-e-ornamental-ou-ideologica-mas-do-proprio-dever\/"},"modified":"2017-06-02T13:16:20","modified_gmt":"2017-06-02T16:16:20","slug":"papa-a-cruz-nao-e-ornamental-ou-ideologica-mas-do-proprio-dever","status":"publish","type":"post","link":"https:\/\/catolicanet.net\/wp-cnet\/papa-a-cruz-nao-e-ornamental-ou-ideologica-mas-do-proprio-dever\/","title":{"rendered":"Papa: a cruz n\u00e3o \u00e9 ornamental ou ideol\u00f3gica, mas do pr\u00f3prio dever"},"content":{"rendered":"<p style=\"text-align: justify;\"><img decoding=\"async\" src=\"http:\/\/www.catolicanet.com.br\/images\/stories\/papas\/reuters1500031_articolo.jpg\" border=\"0\" align=\"left\" \/>O Papa Francisco conduziu a ora\u00e7\u00e3o mariana do Angelus, deste domingo (19\/06), com os fi\u00e9is e peregrinos provenientes de v\u00e1rias partes do mundo que se reuniram na Pra\u00e7a S\u00e3o Pedro.<\/p>\n<p>\u201cO Evangelho deste domingo nos convida mais uma vez a nos colocar face a face com Jesus. Um dos raros momentos tranquilos, em que se encontra sozinho com os seus disc\u00edpulos, Ele lhes pergunta: \u00abQue sou eu, no dizer das multid\u00f5es?\u00bb E eles respondem: \u2018Jo\u00e3o Batista; outros dizem Elias; outros, por\u00e9m, um dos antigos profetas que ressuscitou\u2019.\u201d<\/p>\n<p>\u201cAs pessoas estimavam Jesus e o consideravam um grande profeta, mas ainda n\u00e3o estavam conscientes de sua identidade verdadeira, ou seja, que Ele fosse o Messias, o Filho de Deus enviado pelo Pai para a salva\u00e7\u00e3o de todos\u201d, frisou o Pont\u00edfice.<\/p>\n<p>\u201cJesus, ent\u00e3o, fala diretamente aos Ap\u00f3stolos, porque \u00e9 isso que lhe interessa mais, e pergunta: \u2018E voc\u00eas, quem dizem que eu sou?\u2019 Imediatamente, em nome de todos, Pedro respondeu: \u2018O Cristo de Deus\u2019, ou seja, o Messias, o Consagrado de Deus, enviado por Ele para salvar o seu povo, segundo a Alian\u00e7a e a promessa.\u201d <\/p>\n<p>\u201cJesus percebe que os Doze, em particular Pedro, receberam do Pai o dom da f\u00e9; e por isso come\u00e7a a falar com eles abertamente, assim diz o Evangelho, abertamente sobre o que acontecer\u00e1 em Jerusal\u00e9m: \u2018O Filho do Homem, disse, deve sofrer muito, ser rejeitado pelos anci\u00e3os, pelos chefes dos sacerdotes e escribas, ser morto e ressuscitar no terceiro dia\u2019\u201d.<\/p>\n<p>\u201cAquelas perguntas s\u00e3o repropostas hoje a cada um de n\u00f3s\u201d, disse o Papa. <\/p>\n<p>\u201cQuem \u00e9 Jesus para as pessoas do nosso tempo? Mas a outra \u00e9 mais importante: Quem \u00e9 Jesus para cada um de n\u00f3s? Somos chamados a fazer da resposta de Pedro a nossa resposta, professando com alegria que Jesus \u00e9 o Filho de Deus, a Palavra eterna do Pai que se fez homem para redimir a humanidade, derramando sobre ela a miseric\u00f3rdia divina em abund\u00e2ncia. O mundo precisa muito de Cristo, de sua salva\u00e7\u00e3o, de seu amor misericordioso. Muitas pessoas sentem um vazio em torno de si e dentro de si; talvez, algumas vezes, n\u00f3s tamb\u00e9m; outras vivem inquietas e na inseguran\u00e7a por causa da precariedade e dos conflitos. Todos precisamos de respostas adequadas \u00e0s nossas profundas perguntas concretas.\u201d <\/p>\n<p>\u201cEm Cristo, somente Nele\u201d, sublinhou Francisco, \u201c\u00e9 poss\u00edvel encontrar a paz verdadeira e o cumprimento de toda aspira\u00e7\u00e3o humana. Jesus conhece muito bem o cora\u00e7\u00e3o do ser humano. Por isso, Ele pode cur\u00e1-lo, doar-lhe vida e consolo\u201d. <\/p>\n<p>Depois de concluir o di\u00e1logo com os Ap\u00f3stolos, Jesus se dirige a todos dizendo: \u2018Se algu\u00e9m quer vir ap\u00f3s mim, renuncie a si mesmo, tome a sua cruz cada dia e siga-me\u2019. <\/p>\n<p>\u201cN\u00e3o se trata de uma cruz ornamental, ou uma cruz ideol\u00f3gica, mas \u00e9 a cruz da vida, \u00e9 a cruz do pr\u00f3prio dever, a cruz do sacrificar-se pelos outros com amor, pelos pais, pelos filhos, pela fam\u00edlia, pelos amigos, e tamb\u00e9m pelos inimigos, a cruz da disponibilidade de ser solid\u00e1rios com os pobres, de se comprometer com a justi\u00e7a e a paz. Ao assumir estes comportamentos, estas cruzes, sempre se perde alguma coisa. Nunca devemos nos esquecer que \u2018quem perder\u00e1 a sua vida por Cristo, a salvar\u00e1\u2019. \u00c9 um perder, para ganhar.\u201d<\/p>\n<p>O Papa convidou a recordar \u201cos nossos irm\u00e3os que ainda hoje colocam em pr\u00e1tica estas palavras de Jesus, oferecendo o seu tempo, o seu trabalho, o seu esfor\u00e7o e at\u00e9 mesmo a pr\u00f3pria vida para n\u00e3o renegar a sua f\u00e9 em Cristo\u201d. <\/p>\n<p>\u201cJesus, mediante o seu Santo Esp\u00edrito, nos d\u00e1 a for\u00e7a para ir adiante no caminho da f\u00e9 e do testemunho: realizar aquilo em que acreditamos; n\u00e3o dizer uma coisa e fazer outra. Neste caminho sempre est\u00e1 conosco e nos precede Nossa Senhora. Deixemos que ela pegue a nossa m\u00e3o, quando atravessamos os momentos mais sombrios e dif\u00edceis\u201d, concluiu o Papa.<\/p>\n<p style=\"text-align: justify;\">\u00a0<\/p>\n<p style=\"text-align: justify;\">Fonte: R\u00e1dio Vaticano<\/p>\n","protected":false},"excerpt":{"rendered":"<p>O Papa Francisco conduziu a ora\u00e7\u00e3o mariana do Angelus, deste domingo (19\/06), com os fi\u00e9is e peregrinos provenientes de v\u00e1rias partes do mundo que se reuniram na Pra\u00e7a S\u00e3o Pedro. \u201cO Evangelho deste domingo nos convida mais uma vez a nos colocar face a face com Jesus. Um dos raros momentos tranquilos, em que se [&hellip;]<\/p>\n","protected":false},"author":1,"featured_media":15393,"comment_status":"open","ping_status":"open","sticky":false,"template":"","format":"standard","meta":{"footnotes":""},"categories":[3],"tags":[],"class_list":["post-15394","post","type-post","status-publish","format-standard","has-post-thumbnail","hentry","category-vaticano"],"_links":{"self":[{"href":"https:\/\/catolicanet.net\/wp-cnet\/wp-json\/wp\/v2\/posts\/15394","targetHints":{"allow":["GET"]}}],"collection":[{"href":"https:\/\/catolicanet.net\/wp-cnet\/wp-json\/wp\/v2\/posts"}],"about":[{"href":"https:\/\/catolicanet.net\/wp-cnet\/wp-json\/wp\/v2\/types\/post"}],"author":[{"embeddable":true,"href":"https:\/\/catolicanet.net\/wp-cnet\/wp-json\/wp\/v2\/users\/1"}],"replies":[{"embeddable":true,"href":"https:\/\/catolicanet.net\/wp-cnet\/wp-json\/wp\/v2\/comments?post=15394"}],"version-history":[{"count":1,"href":"https:\/\/catolicanet.net\/wp-cnet\/wp-json\/wp\/v2\/posts\/15394\/revisions"}],"predecessor-version":[{"id":28439,"href":"https:\/\/catolicanet.net\/wp-cnet\/wp-json\/wp\/v2\/posts\/15394\/revisions\/28439"}],"wp:featuredmedia":[{"embeddable":true,"href":"https:\/\/catolicanet.net\/wp-cnet\/wp-json\/wp\/v2\/media\/15393"}],"wp:attachment":[{"href":"https:\/\/catolicanet.net\/wp-cnet\/wp-json\/wp\/v2\/media?parent=15394"}],"wp:term":[{"taxonomy":"category","embeddable":true,"href":"https:\/\/catolicanet.net\/wp-cnet\/wp-json\/wp\/v2\/categories?post=15394"},{"taxonomy":"post_tag","embeddable":true,"href":"https:\/\/catolicanet.net\/wp-cnet\/wp-json\/wp\/v2\/tags?post=15394"}],"curies":[{"name":"wp","href":"https:\/\/api.w.org\/{rel}","templated":true}]}}