{"id":15392,"date":"2016-06-20T12:55:05","date_gmt":"2016-06-20T15:55:05","guid":{"rendered":"http:\/\/catolicanet.net\/wp-cnet\/2016\/06\/20\/papa-estamos-com-os-refugiados-saudacao-ao-concilio-pan-ortodoxo\/"},"modified":"2017-06-02T13:44:19","modified_gmt":"2017-06-02T16:44:19","slug":"papa-estamos-com-os-refugiados-saudacao-ao-concilio-pan-ortodoxo","status":"publish","type":"post","link":"https:\/\/catolicanet.net\/wp-cnet\/papa-estamos-com-os-refugiados-saudacao-ao-concilio-pan-ortodoxo\/","title":{"rendered":"Papa: estamos com os refugiados. Sauda\u00e7\u00e3o ao Conc\u00edlio Pan-ortodoxo"},"content":{"rendered":"<p style=\"text-align: justify;\"><img decoding=\"async\" src=\"http:\/\/www.catolicanet.com.br\/images\/stories\/papas\/ansa988732_articolo.jpg\" border=\"0\" align=\"left\" \/>Ap\u00f3s a ora\u00e7\u00e3o mariana do Angelus, o Santo Padre recordou a beatifica\u00e7\u00e3o, neste s\u00e1bado (18\/06), em Foggia, na It\u00e1lia, de Maria Celeste Crostarosa, monja, fundadora da Ordem do Sant\u00edssimo Redentor. \u201cA nova beata, com o seu exemplo e sua intercess\u00e3o, nos ajude a conformar toda a nossa vida a Jesus, nosso Salvador\u201d, disse o Pont\u00edfice.<\/p>\n<p>\u201cHoje, Solenidade de Pentecostes segundo o Calend\u00e1rio Juliano seguido pela Igreja Ortodoxa, com a celebra\u00e7\u00e3o da Divina Liturgia teve in\u00edcio, em Creta, o Conc\u00edlio Pan-ortodoxo. Unamo-nos \u00e0 ora\u00e7\u00e3o de nossos irm\u00e3os ortodoxos, invocando o Esp\u00edrito Santo para que sustente com os seus dons os Patriarcas, os Arcebispos e Bispos reunidos no Conc\u00edlio.\u201d<\/p>\n<p>O Papa convidou todos a rezar a Ave Maria \u201cpor todos os nossos irm\u00e3os ortodoxos\u201d.<\/p>\n<p>A seguir, Francisco recordou que nesta segunda-feira (20\/06), ser\u00e1 celebrado o Dia Mundial do Refugiado, promovido pela ONU. O tema deste ano \u00e9 \u2018Com os refugiados. Estamos do lado de quem \u00e9 obrigado a fugir\u2019. <\/p>\n<p>\u201cOs refugiados s\u00e3o pessoas como n\u00f3s, por\u00e9m a guerra tirou deles casa, trabalho, parentes e amigos. As suas hist\u00f3rias e seus rostos nos convidam a renovar o compromisso para construir a paz na justi\u00e7a. Por isso, queremos estar com eles: encontr\u00e1-los, acolh\u00ea-los, ouvi-los para nos tornar juntos artes\u00e3os da paz, segundo a vontade de Deus.<\/p>\n<p>O Santo Padre saudou os romanos e todos os peregrinos, em particular os estudantes da London Oratory School, os fi\u00e9is de Estocolmo e as comunidades africanas franc\u00f3fonas da It\u00e1lia. Saudou os fi\u00e9is de\u00a0 Benevento, Gravina di Puglia, Corbetta e Cardano al Campo, como tamb\u00e9m os volunt\u00e1rios do C\u00e1rcere de Busto Arsizio e, atrav\u00e9s deles, os detentos. Saudou tamb\u00e9m os grupos de ciclistas \u2018Acra\u2019 de Fermo, \u2018Pedalando\u2019 de Roma e de Codevigo, que levam pelas estradas mensagens de solidariedade.<\/p>\n<p style=\"text-align: justify;\">\u00a0<\/p>\n<p style=\"text-align: justify;\">Fonte: R\u00e1dio Vaticano<\/p>\n","protected":false},"excerpt":{"rendered":"<p>Ap\u00f3s a ora\u00e7\u00e3o mariana do Angelus, o Santo Padre recordou a beatifica\u00e7\u00e3o, neste s\u00e1bado (18\/06), em Foggia, na It\u00e1lia, de Maria Celeste Crostarosa, monja, fundadora da Ordem do Sant\u00edssimo Redentor. \u201cA nova beata, com o seu exemplo e sua intercess\u00e3o, nos ajude a conformar toda a nossa vida a Jesus, nosso Salvador\u201d, disse o Pont\u00edfice. [&hellip;]<\/p>\n","protected":false},"author":1,"featured_media":15391,"comment_status":"open","ping_status":"open","sticky":false,"template":"","format":"standard","meta":{"footnotes":""},"categories":[3],"tags":[],"class_list":["post-15392","post","type-post","status-publish","format-standard","has-post-thumbnail","hentry","category-vaticano"],"_links":{"self":[{"href":"https:\/\/catolicanet.net\/wp-cnet\/wp-json\/wp\/v2\/posts\/15392","targetHints":{"allow":["GET"]}}],"collection":[{"href":"https:\/\/catolicanet.net\/wp-cnet\/wp-json\/wp\/v2\/posts"}],"about":[{"href":"https:\/\/catolicanet.net\/wp-cnet\/wp-json\/wp\/v2\/types\/post"}],"author":[{"embeddable":true,"href":"https:\/\/catolicanet.net\/wp-cnet\/wp-json\/wp\/v2\/users\/1"}],"replies":[{"embeddable":true,"href":"https:\/\/catolicanet.net\/wp-cnet\/wp-json\/wp\/v2\/comments?post=15392"}],"version-history":[{"count":1,"href":"https:\/\/catolicanet.net\/wp-cnet\/wp-json\/wp\/v2\/posts\/15392\/revisions"}],"predecessor-version":[{"id":28477,"href":"https:\/\/catolicanet.net\/wp-cnet\/wp-json\/wp\/v2\/posts\/15392\/revisions\/28477"}],"wp:featuredmedia":[{"embeddable":true,"href":"https:\/\/catolicanet.net\/wp-cnet\/wp-json\/wp\/v2\/media\/15391"}],"wp:attachment":[{"href":"https:\/\/catolicanet.net\/wp-cnet\/wp-json\/wp\/v2\/media?parent=15392"}],"wp:term":[{"taxonomy":"category","embeddable":true,"href":"https:\/\/catolicanet.net\/wp-cnet\/wp-json\/wp\/v2\/categories?post=15392"},{"taxonomy":"post_tag","embeddable":true,"href":"https:\/\/catolicanet.net\/wp-cnet\/wp-json\/wp\/v2\/tags?post=15392"}],"curies":[{"name":"wp","href":"https:\/\/api.w.org\/{rel}","templated":true}]}}