{"id":15390,"date":"2016-06-18T03:00:00","date_gmt":"2016-06-18T06:00:00","guid":{"rendered":"http:\/\/catolicanet.net\/wp-cnet\/2016\/06\/18\/papa-vila-nazare-continue-sendo-uma-obra-de-testemunho\/"},"modified":"2017-06-02T13:52:03","modified_gmt":"2017-06-02T16:52:03","slug":"papa-vila-nazare-continue-sendo-uma-obra-de-testemunho","status":"publish","type":"post","link":"https:\/\/catolicanet.net\/wp-cnet\/papa-vila-nazare-continue-sendo-uma-obra-de-testemunho\/","title":{"rendered":"Papa: Vila Nazar\u00e9, continue sendo uma obra de testemunho"},"content":{"rendered":"<p style=\"text-align: justify;\"><img decoding=\"async\" src=\"http:\/\/www.catolicanet.com.br\/images\/stories\/papas\/rv16805_articolo.jpg\" border=\"0\" align=\"left\" \/>O Papa Francisco visitou, na tarde desta s\u00e1bado (18\/06), a Vila Nazar\u00e9, em Roma. <\/p>\n<p>A Vila Nazar\u00e9 foi fundada, em 1946, pelo Cardeal Domenico\u00a0 Tardini, com o objetivo de acolher \u00f3rf\u00e3os e filhos de fam\u00edlias numerosas e pobres, a fim de valorizar a sua forma\u00e7\u00e3o a servi\u00e7o da sociedade.<\/p>\n<p>Ao entrar na capela da estrutura, o Papa foi saudado pelo Cardeal Achille Silvestrini, e pelos fi\u00e9is ali presentes. A seguir, foi feita a leitura de um trecho do Evangelho de Lucas, a Par\u00e1bola do Bom Samaritano. Depois, o Papa proferiu algumas palavras.<\/p>\n<p>\u201cNa par\u00e1bola, talvez nem o sacerdote, nem o doutor da\u00a0 lei, nem o samaritano e nem o dono do albergue sabiam responder: Mas quem \u00e9 o meu pr\u00f3ximo? Ou n\u00e3o sabiam quem fosse o pr\u00f3ximo. O sacerdote estava apressado, como todos os sacerdotes. O doutor da lei n\u00e3o quis se envolver, mas o pecador, o estrangeiro, que n\u00e3o fazia parte do povo de Deus se comoveu, teve compaix\u00e3o e se aproximou do homem que estava ca\u00eddo. Os tr\u00eas, o sacerdote, o doutor da lei e o samaritano sabiam bem o que tinham de fazer, e cada um tomou a sua decis\u00e3o\u201d, disse o pont\u00edfice. <\/p>\n<p>O Papa se deteve no personagem do albergueiro, aquele que acolheu em sua pens\u00e3o o homem espancado pelos assaltantes que o samaritano tinha socorrido. \u201c\u00c9 an\u00f4nimo. Ele viu tudo aquilo e n\u00e3o entendeu nada\u201d, frisou o Pont\u00edfice.<\/p>\n<p>\u201cMas isso \u00e9 loucura! Um samaritano que ajuda um judeu? E n\u00e3o s\u00f3. Com suas pr\u00f3prias m\u00e3os cura suas feridas e me diz: \u2018Tome conta dele. Quando eu voltar, vou pagar o que ele tiver gasto a mais\u2019. Nunca vi isso!\u201d, disse o Papa, imaginando o pensamento daquele homem.<\/p>\n<p>\u201cEste homem recebeu a Palavra de Deus no testemunho. De quem? Do sacerdote? N\u00e3o. Porque quando viu o homem, passou adiante, pelo outro lado. Do doutor da lei? A mesma coisa. Do pecador. Um pecador que teve compaix\u00e3o. Um pecador que n\u00e3o era fiel ao Povo de Deus, mas teve compaix\u00e3o. N\u00e3o entendia nada. Ficou na d\u00favida, talvez com a curiosidade: \u2018Mas o que est\u00e1 acontecendo aqui? \u00c9 estranho!\u2019 Com a inquieta\u00e7\u00e3o dentro. O testemunho faz isso. O testemunho daquele pecador semeou inquieta\u00e7\u00e3o no cora\u00e7\u00e3o daquele albergueiro. O aconteceu com ele? O Evangelho n\u00e3o diz. N\u00e3o diz nem mesmo o seu nome. Mas certamente, este homem, porque o Esp\u00edrito Santo quando semeia, faz crescer, teve a mensagem do testemunho. Dias depois, o samaritano passou outra vez por ali. Certamente, pagou alguma coisa ou talvez o albergueiro tenha lhe dito: \u201cN\u00e3o, deixa pr\u00e1 l\u00e1. Eu me encarrego\u201d. Talvez tenha sido a primeira resposta ao testemunho\u201d. <\/p>\n<p>&#8220;Por que me detenho, hoje, no personagem do albergueiro? Porque o nosso testemunho n\u00e3o pode ser contabilizado. Testemunhar significa viver de tal maneira que os outros vejam as suas obras e glorifiquem o Pai que est\u00e1 no C\u00e9u.\u201d<\/p>\n<p>\u201cEu ouvi falar da Vila Nazar\u00e9. Existe esta obra, mas eu n\u00e3o a conhecia bem. Depois, Dom Celli me disse alguma coisa: \u00c9 uma obra, um trabalho onde se favorece o testemunho. Aqui se vem n\u00e3o para tirar proveito, ganhar dinheiro, mas para seguir os caminhos de Jesus e testemunhar Jesus, semear testemunho. No sil\u00eancio, sem explica\u00e7\u00f5es, com os gestos, retomar \u00e0 linguagem dos gestos.\u201d<\/p>\n<p>\u201cEspero que esta obra continue sendo uma obra de testemunho, uma casa de testemunho, de testemunho a todos. De testemunho \u00e0s pessoas que se aproximam ou que ouvem falar. Espero isso e que o Senhor nos liberte dos assaltantes que s\u00e3o muitos! Nos liberte dos sacerdotes apressados, que n\u00e3o t\u00eam tempo para ouvir, ver, porque tem de fazer as coisas, nos liberte dos doutores que querem apresentar a f\u00e9 de Jesus Cristo com uma rigidez matem\u00e1tica e nos ensine a parar, nos ensine a sabedoria do Evangelho: sujar as m\u00e3os. Que o Senhor nos d\u00ea esta gra\u00e7a\u201d.<\/p>\n<p style=\"text-align: justify;\">\u00a0<\/p>\n<p style=\"text-align: justify;\">Fonte: R\u00e1dio Vaticano<\/p>\n","protected":false},"excerpt":{"rendered":"<p>O Papa Francisco visitou, na tarde desta s\u00e1bado (18\/06), a Vila Nazar\u00e9, em Roma. A Vila Nazar\u00e9 foi fundada, em 1946, pelo Cardeal Domenico\u00a0 Tardini, com o objetivo de acolher \u00f3rf\u00e3os e filhos de fam\u00edlias numerosas e pobres, a fim de valorizar a sua forma\u00e7\u00e3o a servi\u00e7o da sociedade. Ao entrar na capela da estrutura, [&hellip;]<\/p>\n","protected":false},"author":1,"featured_media":15389,"comment_status":"open","ping_status":"open","sticky":false,"template":"","format":"standard","meta":{"footnotes":""},"categories":[3],"tags":[],"class_list":["post-15390","post","type-post","status-publish","format-standard","has-post-thumbnail","hentry","category-vaticano"],"_links":{"self":[{"href":"https:\/\/catolicanet.net\/wp-cnet\/wp-json\/wp\/v2\/posts\/15390","targetHints":{"allow":["GET"]}}],"collection":[{"href":"https:\/\/catolicanet.net\/wp-cnet\/wp-json\/wp\/v2\/posts"}],"about":[{"href":"https:\/\/catolicanet.net\/wp-cnet\/wp-json\/wp\/v2\/types\/post"}],"author":[{"embeddable":true,"href":"https:\/\/catolicanet.net\/wp-cnet\/wp-json\/wp\/v2\/users\/1"}],"replies":[{"embeddable":true,"href":"https:\/\/catolicanet.net\/wp-cnet\/wp-json\/wp\/v2\/comments?post=15390"}],"version-history":[{"count":1,"href":"https:\/\/catolicanet.net\/wp-cnet\/wp-json\/wp\/v2\/posts\/15390\/revisions"}],"predecessor-version":[{"id":28524,"href":"https:\/\/catolicanet.net\/wp-cnet\/wp-json\/wp\/v2\/posts\/15390\/revisions\/28524"}],"wp:featuredmedia":[{"embeddable":true,"href":"https:\/\/catolicanet.net\/wp-cnet\/wp-json\/wp\/v2\/media\/15389"}],"wp:attachment":[{"href":"https:\/\/catolicanet.net\/wp-cnet\/wp-json\/wp\/v2\/media?parent=15390"}],"wp:term":[{"taxonomy":"category","embeddable":true,"href":"https:\/\/catolicanet.net\/wp-cnet\/wp-json\/wp\/v2\/categories?post=15390"},{"taxonomy":"post_tag","embeddable":true,"href":"https:\/\/catolicanet.net\/wp-cnet\/wp-json\/wp\/v2\/tags?post=15390"}],"curies":[{"name":"wp","href":"https:\/\/api.w.org\/{rel}","templated":true}]}}