{"id":15388,"date":"2016-06-20T12:45:11","date_gmt":"2016-06-20T15:45:11","guid":{"rendered":"http:\/\/catolicanet.net\/wp-cnet\/2016\/06\/20\/papa-na-vila-nazare-a-gratuidade-e-a-linguagem-de-deus\/"},"modified":"2017-06-02T11:58:23","modified_gmt":"2017-06-02T14:58:23","slug":"papa-na-vila-nazare-a-gratuidade-e-a-linguagem-de-deus","status":"publish","type":"post","link":"https:\/\/catolicanet.net\/wp-cnet\/papa-na-vila-nazare-a-gratuidade-e-a-linguagem-de-deus\/","title":{"rendered":"Papa na Vila Nazar\u00e9: A gratuidade \u00e9 a linguagem de Deus"},"content":{"rendered":"<p style=\"text-align: justify;\"><img decoding=\"async\" src=\"http:\/\/www.catolicanet.com.br\/images\/stories\/papas\/rv16802_articolo.jpg\" border=\"0\" align=\"left\" \/>O Papa Francisco refletiu sobre v\u00e1rios temas com a Comunidade da Vila Nazar\u00e9 que o pont\u00edfice visitou no \u00faltimo s\u00e1bado (18\/06), por ocasi\u00e3o do 70\u00ba anivers\u00e1rio de funda\u00e7\u00e3o dessa estrutura.<\/p>\n<p>A Vila Nazar\u00e9 foi criada em 1946 para acolher \u00f3rf\u00e3os e filhos de fam\u00edlias numerosoas e hoje hospeda estudantes com situa\u00e7\u00e3o econ\u00f4mica prec\u00e1ria. Depois de rezar com os presentes na capela da estrutura, o Santo Padre respondeu espontaneamente a sete perguntas.<\/p>\n<p>Antes, por\u00e9m, os sorrisos e os abra\u00e7os das crian\u00e7as. Depois, um aplauso longo e o di\u00e1logo com a comunidade de Vila Nazar\u00e9 caracterizaram a tarde de s\u00e1bado do Papa.<\/p>\n<p>Sacolejar<\/p>\n<p>Francisco falou sobre o valor de uma sacolejada que muitos jovens procuram: \u201cA sacolejada \u00e9 um testemunho cotidiano bonito. Somos homens e mulheres parados na vida. Como podemos despertar a grandeza e a coragem de escolhas grandes, de impulso do cora\u00e7\u00e3o para enfrentar desafios educacionais e afetivos? Quem n\u00e3o arrisca, n\u00e3o caminha. Mas, se eu erro? Bendito seja Deus! Voc\u00ea vai errar mais se ficar parado ou parada. Este \u00e9 o erro, o erro feio, o fechamento. Arriscar! \u00c9 muito triste ver vidas paradas. \u00c9 muito triste ver pessoas que parecem mais m\u00famias de museu que seres vivos.\u201d<\/p>\n<p>Mart\u00edrio, mist\u00e9rio da f\u00e9<\/p>\n<p>A coragem da f\u00e9 aut\u00eantica e do testemunho cr\u00edvel do Cristo Ressuscitado mostrados pelos crist\u00e3os eg\u00edpcios coptas, degolados na L\u00edbia, foram indicados como exemplo pelo Papa:<\/p>\n<p>\u201cEu n\u00e3o gosto e quero dizer claramente, quando se fala de genoc\u00eddio de crist\u00e3os, por exemplo no Oriente M\u00e9dio. Isso \u00e9 um reducionismo. A verdade \u00e9 uma persegui\u00e7\u00e3o que leva os crist\u00e3os \u00e0 fidelidade, \u00e0 coer\u00eancia na pr\u00f3pria f\u00e9. N\u00e3o fa\u00e7amos um reducionismo sociol\u00f3gico daquilo que \u00e9 um mist\u00e9rio da f\u00e9: o mart\u00edrio.\u201d<\/p>\n<p>\u201cO mart\u00edrio de sangue n\u00e3o \u00e9 a \u00fanica maneira de testemunhar Cristo\u201d, disse o Santo Padre. Existe o mart\u00edrio silencioso de todos os dias, como o mart\u00edrio da honestidade num mundo que se tornou um \u201cpara\u00edso de subornos\u201d, ou o \u201cmart\u00edrio do sil\u00eancio diante da tenta\u00e7\u00e3o das fofocas\u201d:<\/p>\n<p>\u201cExiste o mart\u00edrio de todos os dias, o mart\u00edrio da honestidade, o mart\u00edrio da paci\u00eancia. O mart\u00edrio da paci\u00eancia na educa\u00e7\u00e3o dos filhos; o mart\u00edrio da fidelidade ao amor.\u201d<\/p>\n<p>Crise de f\u00e9<\/p>\n<p>\u201cA coer\u00eancia crist\u00e3 \u00e9 reconhecer-se pecador, curado por Cristo ou em processo de cura: \u00e9 o contr\u00e1rio do querer se aparecer e pensar que \u00e9 perfeito\u201d, disse Francisco. Nesse sentido, o Papa admitiu ter sentido quando era jovem e de sentir ainda hoje, d\u00favida e des\u00e2nimo na f\u00e9:<\/p>\n<p>\u201cUm crist\u00e3o que n\u00e3o tenha sentido isso, algumas vezes, que a f\u00e9 n\u00e3o tenha entrado em crise, lhe falta alguma coisa. \u00c9 um crist\u00e3o que se contenta com um pouco de mundanidade e prossegue assim na vida.\u201d<\/p>\n<p>Gratuidade, linguagem de Deus<\/p>\n<p>&#8220;A gratuidade \u00e9 a linguagem de Deus. Somos chamados a aprender essa linguagem num mundo dominado pela l\u00f3gica utilitarista do olho por olho.\u201d O individualismo e o hedonismo causam injusti\u00e7as humanas graves: <\/p>\n<p>\u201cHoje, devemos fazer tanto esfor\u00e7o para distinguir os santos daqueles que se maquilam para aparecer como santos! Tantos crist\u00e3os maquilados que n\u00e3o s\u00e3o crist\u00e3os, porque n\u00e3o mostram gratuidade. Vivem de outra forma.\u201d<\/p>\n<p>Cultura do \u00f3dio<\/p>\n<p>O Papa denunciou o trabalho escravo produzido por uma economia que hoje mata, colocando no centro o deus dinheiro. A injusti\u00e7a social \u00e9 imoral:<\/p>\n<p>\u201cCausa-me indigna\u00e7\u00e3o, me faz mal, quando, por exemplo, como acontece atualmente, v\u00e3o batizar uma crian\u00e7a e dizem ao padrinho: N\u00e3o \u00e9 casado na Igreja? N\u00e3o pode ser padrinho. N\u00e3o, porque o matrim\u00f5nio, casar na Igreja \u00e9 importante\u201d. Por\u00e9m, apresentam como padrinho um trapaceiro, um traficante de crian\u00e7as. Mas \u00e9 um bom cat\u00f3lico, hein? Ajuda a Igreja! Esse pode ser padrinho! N\u00f3s invertemos os valores\u201d!<\/p>\n<p>Acolhimento<\/p>\n<p>Seremos chamados a prestar conta de como usamos os talentos, dons recebidos por Deus. Um dos talentos maiores \u00e9 o acolhimento numa civiliza\u00e7\u00e3o de portas fechadas. \u201cO acolhimento \u00e9 a porta da estrada crist\u00e3\u201d, disse o Papa.<br \/>\u201cUma Igreja de portas fechadas significa que aquela comunidade crist\u00e3 tem o cora\u00e7\u00e3o fechado, \u00e9 fechada em si mesma. Devemos retomar o sentido do acolhimento.\u201d<\/p>\n<p>Melhor n\u00e3o se casar, se n\u00e3o se reconhece o mist\u00e9rio sacramental do matrim\u00f4nio<\/p>\n<p>Sobre o valor do compromisso \u201cpara sempre\u201d dos casais crist\u00e3os, Francisco observou como na cultura atual do provis\u00f3rio, muitas vezes se ignora a import\u00e2ncia da indissolubilidade do matrim\u00f4nio. A Igreja deve trabalhar muito na prepara\u00e7\u00e3o dos noivos para que n\u00e3o seja vivida somente como um fato social:<\/p>\n<p>\u201c\u00c9 melhor n\u00e3o se casar, n\u00e3o receber o sacramento se voc\u00ea n\u00e3o tem certeza do fato de que ali existe um mist\u00e9rio sacramental, existe o abra\u00e7o de Cristo com a Igreja, e se n\u00e3o est\u00e1 bem preparado.\u201d<\/p>\n<p>Carinho, linguagem sagrada dos casais crist\u00e3os<\/p>\n<p>O Papa deu um conselho aos casais: n\u00e3o encerrem o dia com uma briga: \u201cNunca se esque\u00e7am de se fazerem um carinho. A car\u00edcia \u00e9 uma das linguagesns mais sagradas no matrim\u00f4nio. O carinho: te amo, te quero bem! Casais capazes de se acariciar, de se desejarem. Acredito que com isso ser\u00e1 poss\u00edvel manter a for\u00e7a do sacramento, porque o Senhor tamb\u00e9m acaricia com ternura a sua esposa, a Igreja.\u201d<\/p>\n<p style=\"text-align: justify;\">\u00a0<\/p>\n<p style=\"text-align: justify;\">Fonte: R\u00e1dio Vaticano<\/p>\n","protected":false},"excerpt":{"rendered":"<p>O Papa Francisco refletiu sobre v\u00e1rios temas com a Comunidade da Vila Nazar\u00e9 que o pont\u00edfice visitou no \u00faltimo s\u00e1bado (18\/06), por ocasi\u00e3o do 70\u00ba anivers\u00e1rio de funda\u00e7\u00e3o dessa estrutura. A Vila Nazar\u00e9 foi criada em 1946 para acolher \u00f3rf\u00e3os e filhos de fam\u00edlias numerosoas e hoje hospeda estudantes com situa\u00e7\u00e3o econ\u00f4mica prec\u00e1ria. Depois de [&hellip;]<\/p>\n","protected":false},"author":1,"featured_media":15387,"comment_status":"open","ping_status":"open","sticky":false,"template":"","format":"standard","meta":{"footnotes":""},"categories":[3],"tags":[],"class_list":["post-15388","post","type-post","status-publish","format-standard","has-post-thumbnail","hentry","category-vaticano"],"_links":{"self":[{"href":"https:\/\/catolicanet.net\/wp-cnet\/wp-json\/wp\/v2\/posts\/15388","targetHints":{"allow":["GET"]}}],"collection":[{"href":"https:\/\/catolicanet.net\/wp-cnet\/wp-json\/wp\/v2\/posts"}],"about":[{"href":"https:\/\/catolicanet.net\/wp-cnet\/wp-json\/wp\/v2\/types\/post"}],"author":[{"embeddable":true,"href":"https:\/\/catolicanet.net\/wp-cnet\/wp-json\/wp\/v2\/users\/1"}],"replies":[{"embeddable":true,"href":"https:\/\/catolicanet.net\/wp-cnet\/wp-json\/wp\/v2\/comments?post=15388"}],"version-history":[{"count":1,"href":"https:\/\/catolicanet.net\/wp-cnet\/wp-json\/wp\/v2\/posts\/15388\/revisions"}],"predecessor-version":[{"id":28380,"href":"https:\/\/catolicanet.net\/wp-cnet\/wp-json\/wp\/v2\/posts\/15388\/revisions\/28380"}],"wp:featuredmedia":[{"embeddable":true,"href":"https:\/\/catolicanet.net\/wp-cnet\/wp-json\/wp\/v2\/media\/15387"}],"wp:attachment":[{"href":"https:\/\/catolicanet.net\/wp-cnet\/wp-json\/wp\/v2\/media?parent=15388"}],"wp:term":[{"taxonomy":"category","embeddable":true,"href":"https:\/\/catolicanet.net\/wp-cnet\/wp-json\/wp\/v2\/categories?post=15388"},{"taxonomy":"post_tag","embeddable":true,"href":"https:\/\/catolicanet.net\/wp-cnet\/wp-json\/wp\/v2\/tags?post=15388"}],"curies":[{"name":"wp","href":"https:\/\/api.w.org\/{rel}","templated":true}]}}