{"id":15313,"date":"2016-06-16T13:41:53","date_gmt":"2016-06-16T16:41:53","guid":{"rendered":"http:\/\/catolicanet.net\/wp-cnet\/2016\/06\/16\/1o-encontro-preparatorio-para-a-missao-diocesana-em-2017\/"},"modified":"2017-05-30T08:31:55","modified_gmt":"2017-05-30T11:31:55","slug":"1o-encontro-preparatorio-para-a-missao-diocesana-em-2017","status":"publish","type":"post","link":"https:\/\/catolicanet.net\/wp-cnet\/1o-encontro-preparatorio-para-a-missao-diocesana-em-2017\/","title":{"rendered":"1\u00ba Encontro Preparat\u00f3rio para a miss\u00e3o diocesana em 2017"},"content":{"rendered":"<p style=\"text-align: justify;\"><img decoding=\"async\" src=\"http:\/\/www.catolicanet.com.br\/images\/stories\/noticias\/cimi.jpg\" border=\"0\" align=\"left\" \/>Aconteceu na manh\u00e3 de s\u00e1bado(11), o 1\u00ba Encontro preparat\u00f3rio para Miss\u00e3o Diocesana. O evento foi ministrado pelo assessor, o Pe. Osvair, e pelo coordenador Belchior, ambos do COMIDI (Conselho Mission\u00e1rio Diocesano).<\/p>\n<p>Estiveram presentes todos os seminaristas da Filosofia e Teologia da Diocese e leigos da Par\u00f3quia S\u00e3o Carlos Borromeu, Nossa Senhora do Perp\u00e9tuo Socorro e Santa Ros\u00e1lia. Os leigos e todos os seminaristas de nossa Diocese, est\u00e3o se preparando para uma miss\u00e3o al\u00e9m fronteiras, fora da Diocese de Santo Amaro, no estado do Amazonas.<\/p>\n<p>Para Belchior, coordenador do COMIDI, o evento foi um momento rico para nossa diocese.<br \/>\u2013 \u201c\u00c9 uma miss\u00e3o preparat\u00f3ria que acontecer\u00e1 em Julho em nossa diocese. A miss\u00e3o de 2017 acontecer\u00e1 fora da nossa Diocese. \u00c9 com esse esp\u00edrito mission\u00e1rio, que vai permear seminaristas, leigos, pessoas que v\u00e3o se preparando para ir ao encontro provavelmente na Prelazia de Tef\u00e9 e de Parintins, onde podermos partilhar a nossa experi\u00eancia e tamb\u00e9m receber nesta miss\u00e3o atrav\u00e9s dos testemunhos das pessoas com quem vamos conviver, \u00e9 uma for\u00e7a para continuar nosso trabalho mission\u00e1rio. Isto \u00e9 algo que deve permear em todas as dioceses, como nos coloca o Santo Padre, o Papa Francisco, nos convidando numa igreja em sa\u00edda, assumindo esta beleza da EVANGELII GAUDIUM, da LAUDATO SI e a BULA DO ANO DA MISERIC\u00d3RDIA, que \u00e9 t\u00e3o profunda e que envolve a cada um de n\u00f3s como crist\u00e3os, numa resposta a Deus de assumir o nosso batismo, sendo mission\u00e1rio, levando Jesus Cristo a todos os cantos do mundo\u201d.<\/p>\n<p>Para o Pe. Osvair, assessor do COMIDI, o evento foi um momento foi muito satisfat\u00f3rio. \u2013 \u201cVai despertar um novo modo de ver a voca\u00e7\u00e3o desses jovens seminaristas. Que cada um, se dedique a miss\u00e3o, a qual foi chamado. E que esse momento que vai se transformar numa realidade bem pr\u00f3xima, de 4 \u00e0 10 de julho, transforme realmente dando um novo sentido na vida sacerdotal\u201d.<\/p>\n<p>O pr\u00f3ximo encontro do COMIDI, acontecer\u00e1 no dia 03 de setembro e, ser\u00e1 estudado o material da Campanha Mission\u00e1ria de 2016.<\/p>\n<p>Por Fabio Capeleti \u2013 PASCOM<\/p>\n<p style=\"text-align: justify;\">\u00a0<\/p>\n<p style=\"text-align: justify;\">Fonte: Diocese de Santo Amaro<\/p>\n","protected":false},"excerpt":{"rendered":"<p>Aconteceu na manh\u00e3 de s\u00e1bado(11), o 1\u00ba Encontro preparat\u00f3rio para Miss\u00e3o Diocesana. O evento foi ministrado pelo assessor, o Pe. Osvair, e pelo coordenador Belchior, ambos do COMIDI (Conselho Mission\u00e1rio Diocesano). Estiveram presentes todos os seminaristas da Filosofia e Teologia da Diocese e leigos da Par\u00f3quia S\u00e3o Carlos Borromeu, Nossa Senhora do Perp\u00e9tuo Socorro e [&hellip;]<\/p>\n","protected":false},"author":1,"featured_media":15312,"comment_status":"open","ping_status":"open","sticky":false,"template":"","format":"standard","meta":{"footnotes":""},"categories":[7],"tags":[],"class_list":["post-15313","post","type-post","status-publish","format-standard","has-post-thumbnail","hentry","category-cnbb"],"_links":{"self":[{"href":"https:\/\/catolicanet.net\/wp-cnet\/wp-json\/wp\/v2\/posts\/15313","targetHints":{"allow":["GET"]}}],"collection":[{"href":"https:\/\/catolicanet.net\/wp-cnet\/wp-json\/wp\/v2\/posts"}],"about":[{"href":"https:\/\/catolicanet.net\/wp-cnet\/wp-json\/wp\/v2\/types\/post"}],"author":[{"embeddable":true,"href":"https:\/\/catolicanet.net\/wp-cnet\/wp-json\/wp\/v2\/users\/1"}],"replies":[{"embeddable":true,"href":"https:\/\/catolicanet.net\/wp-cnet\/wp-json\/wp\/v2\/comments?post=15313"}],"version-history":[{"count":1,"href":"https:\/\/catolicanet.net\/wp-cnet\/wp-json\/wp\/v2\/posts\/15313\/revisions"}],"predecessor-version":[{"id":24316,"href":"https:\/\/catolicanet.net\/wp-cnet\/wp-json\/wp\/v2\/posts\/15313\/revisions\/24316"}],"wp:featuredmedia":[{"embeddable":true,"href":"https:\/\/catolicanet.net\/wp-cnet\/wp-json\/wp\/v2\/media\/15312"}],"wp:attachment":[{"href":"https:\/\/catolicanet.net\/wp-cnet\/wp-json\/wp\/v2\/media?parent=15313"}],"wp:term":[{"taxonomy":"category","embeddable":true,"href":"https:\/\/catolicanet.net\/wp-cnet\/wp-json\/wp\/v2\/categories?post=15313"},{"taxonomy":"post_tag","embeddable":true,"href":"https:\/\/catolicanet.net\/wp-cnet\/wp-json\/wp\/v2\/tags?post=15313"}],"curies":[{"name":"wp","href":"https:\/\/api.w.org\/{rel}","templated":true}]}}