{"id":15311,"date":"2016-06-16T13:31:48","date_gmt":"2016-06-16T16:31:48","guid":{"rendered":"http:\/\/catolicanet.net\/wp-cnet\/2016\/06\/16\/dizem-que-tem-anjos-falando-com-os-bebes-quando-eles-sorriem-dormindo\/"},"modified":"2017-05-31T13:35:50","modified_gmt":"2017-05-31T16:35:50","slug":"dizem-que-tem-anjos-falando-com-os-bebes-quando-eles-sorriem-dormindo","status":"publish","type":"post","link":"https:\/\/catolicanet.net\/wp-cnet\/dizem-que-tem-anjos-falando-com-os-bebes-quando-eles-sorriem-dormindo\/","title":{"rendered":"\u201cDizem que tem anjos falando com os beb\u00eas quando eles sorriem dormindo\u201d"},"content":{"rendered":"<p style=\"text-align: justify;\"><img decoding=\"async\" src=\"http:\/\/www.catolicanet.com.br\/images\/stories\/noticias\/aubrey.png\" border=\"0\" align=\"left\" \/>A foto que vem comovendo as redes sociais<\/p>\n<p>A pequena Aubrey Alvarez tem tr\u00eas semanas de vida e est\u00e1 comovendo as redes sociais gra\u00e7as a uma fotografia em que aparece dormindo e sorrindo, apoiada pelas luvas de seu pai, o motociclista Hector Alvarez, como se estivesse sendo segurada e protegida por ele.<\/p>\n<p>Quando faltava um m\u00eas para Aubrey nascer, Hector foi morto.<\/p>\n<p>A m\u00e3e da nen\u00e9m, a fot\u00f3grafa Kim Stone, publicou a foto no Facebook acompanhada deste coment\u00e1rio:<\/p>\n<p><img decoding=\"async\" src=\"http:\/\/www.catolicanet.com.br\/images\/stories\/noticias\/aubrey2.jpg\" border=\"0\" align=\"right\" \/>\u201cO papai dela amava a motocicleta. Sempre usou equipamentos de prote\u00e7\u00e3o. Ele queria garantir a seguran\u00e7a, n\u00e3o podia correr nenhum risco sabendo que a beb\u00ea estava a caminho. Mas ele nunca vai segurar a sua beb\u00ea no colo. Apenas um m\u00eas antes que ela nascesse, a vida dele foi levada embora por algu\u00e9m que ele considerava seu amigo. Dizem que tem anjos falando com os beb\u00eas quando eles sorriem dormindo. Acho que talvez seja verdade\u201c.<\/p>\n<p>E quem pode garantir que n\u00e3o?<\/p>\n<p style=\"text-align: justify;\">\u00a0<\/p>\n<p style=\"text-align: justify;\">Fonte: Aleteia<\/p>\n","protected":false},"excerpt":{"rendered":"<p>A foto que vem comovendo as redes sociais A pequena Aubrey Alvarez tem tr\u00eas semanas de vida e est\u00e1 comovendo as redes sociais gra\u00e7as a uma fotografia em que aparece dormindo e sorrindo, apoiada pelas luvas de seu pai, o motociclista Hector Alvarez, como se estivesse sendo segurada e protegida por ele. Quando faltava um [&hellip;]<\/p>\n","protected":false},"author":1,"featured_media":15310,"comment_status":"open","ping_status":"open","sticky":false,"template":"","format":"standard","meta":{"footnotes":""},"categories":[4],"tags":[],"class_list":["post-15311","post","type-post","status-publish","format-standard","has-post-thumbnail","hentry","category-cotidiano"],"_links":{"self":[{"href":"https:\/\/catolicanet.net\/wp-cnet\/wp-json\/wp\/v2\/posts\/15311","targetHints":{"allow":["GET"]}}],"collection":[{"href":"https:\/\/catolicanet.net\/wp-cnet\/wp-json\/wp\/v2\/posts"}],"about":[{"href":"https:\/\/catolicanet.net\/wp-cnet\/wp-json\/wp\/v2\/types\/post"}],"author":[{"embeddable":true,"href":"https:\/\/catolicanet.net\/wp-cnet\/wp-json\/wp\/v2\/users\/1"}],"replies":[{"embeddable":true,"href":"https:\/\/catolicanet.net\/wp-cnet\/wp-json\/wp\/v2\/comments?post=15311"}],"version-history":[{"count":1,"href":"https:\/\/catolicanet.net\/wp-cnet\/wp-json\/wp\/v2\/posts\/15311\/revisions"}],"predecessor-version":[{"id":25797,"href":"https:\/\/catolicanet.net\/wp-cnet\/wp-json\/wp\/v2\/posts\/15311\/revisions\/25797"}],"wp:featuredmedia":[{"embeddable":true,"href":"https:\/\/catolicanet.net\/wp-cnet\/wp-json\/wp\/v2\/media\/15310"}],"wp:attachment":[{"href":"https:\/\/catolicanet.net\/wp-cnet\/wp-json\/wp\/v2\/media?parent=15311"}],"wp:term":[{"taxonomy":"category","embeddable":true,"href":"https:\/\/catolicanet.net\/wp-cnet\/wp-json\/wp\/v2\/categories?post=15311"},{"taxonomy":"post_tag","embeddable":true,"href":"https:\/\/catolicanet.net\/wp-cnet\/wp-json\/wp\/v2\/tags?post=15311"}],"curies":[{"name":"wp","href":"https:\/\/api.w.org\/{rel}","templated":true}]}}