{"id":1531,"date":"2012-02-29T14:58:09","date_gmt":"2012-02-29T17:58:09","guid":{"rendered":"http:\/\/catolicanet.net\/wp-cnet\/convertei-vos\/"},"modified":"2017-03-20T14:55:33","modified_gmt":"2017-03-20T17:55:33","slug":"convertei-vos","status":"publish","type":"post","link":"https:\/\/catolicanet.net\/wp-cnet\/convertei-vos\/","title":{"rendered":"Convertei-vos &#8211;"},"content":{"rendered":"<p style=\"text-align: justify;\"><img decoding=\"async\" src=\"images\/stories\/convidigal3.jpg\" border=\"0\" align=\"left\" \/>A advert\u00eancia de Jesus:Convertei-vos (Mc 1,15) ecoa solene no tempo quaresmal. O Mestre divino pronunciou tais palavras ap\u00f3s ter passado quarenta dias no deserto. Jo\u00e3o Batista que tamb\u00e9m viveu no deserto anunciou, outrossim,\u00a0 a convers\u00e3o \u00e0 pr\u00e1tica da justi\u00e7a como caminho para remover o pecado, procurando a uni\u00e3o beat\u00edfica com Deus. Fazei penit\u00eancia foi a recomenda\u00e7\u00e3o do Precursor (Mt 3,1), preparando\u00a0\u00a0 a ordem do Mestre divino de uma transforma\u00e7\u00e3o interior para se poder acreditar na Boa Nova. O Batista era\u00a0 justo,\u00a0 santo, sendo que dele\u00a0 o pr\u00f3prio\u00a0 Cristo disse: Entre os filhos dos homens n\u00e3o h\u00e1 um que seja superior a Jo\u00e3o Batista. (Mt 11,11). Entretanto \u00e9 este var\u00e3o admir\u00e1vel\u00a0 que\u00a0 convidou a todos a fazer penit\u00eancia, a melhorar de vida numa metamorfose necess\u00e1ria por meio da mortifica\u00e7\u00e3o. Ele foi um grande penitente, vestido pobremente, coberto apenas com uma pele de camelo; jejuando rigorosamente, alimentando-se com mel silvestre, tendo como morada uma gruta nos rochedo da Palestina, longe dos deleites do mundo. L\u00e1 no deserto \u00e1rido, inabit\u00e1vel, sem movimento e sem vida, que parece tamb\u00e9m predizia a import\u00e2ncia da crucifica\u00e7\u00e3o da carne, ele viveu plenamente a penit\u00eancia que abre o caminho para a pr\u00e1tica das virtudes. Por sua vez, Jesus passou quarenta dias no deserto, jejuando e orando. Logo depois sua senten\u00e7a foi clara: Convertei-vos e crede no Evangelho. Ordem dada a seus seguidores no in\u00edcio do seu apostolado, num paralelismo sintom\u00e1tico com o que realizou seu Precursor. Cristo, com muito mais raz\u00e3o, evidentemente, podia dar esta determina\u00e7\u00e3o porque Ele deixara os esplendores celestes\u00a0 para sofrer como homem aqui na terra. Retirou-se para\u00a0 um lugar\u00a0 ermo,\u00a0 por um m\u00eas e dez dias, e a\u00ed se penitenciou pelos\u00a0 pecados da humanidade. Toda sua vida terrestre foi um cont\u00ednuo sofrer, desde o seu nascimento em uma gruta de Bel\u00e9m, aberta a todos os ventos, em pleno inverno, at\u00e9 a sua terr\u00edvel e dolorosa morte na cruz, coroado de espinhos, ferido em todo o corpo, insultado pela multid\u00e3o e abandonado pelos seus disc\u00edpulos. Todas estas considera\u00e7\u00f5es mostram ent\u00e3o que a convers\u00e3o se liga intimamente \u00e0 penit\u00eancia. A sociedade moderna endeusa a os prazeres da carne, adora a riqueza, supervaloriza a sensualidade. Imposs\u00edvel, por\u00e9m, mudar a ordem das coisas, imposs\u00edvel mudar o plano divino, segundo o qual n\u00e3o h\u00e1 salva\u00e7\u00e3o, n\u00e3o h\u00e1 felicidade eterna, n\u00e3o h\u00e1 morte feliz, n\u00e3o h\u00e1 c\u00e9u, sem uma convers\u00e3o que exige ren\u00fancia. Eis porque h\u00e1 da parte do homem moderno horror\u00a0 para com a mudan\u00e7a de vida. Muitos s\u00f3 procuram divers\u00f5es, s\u00f3 querem os prazeres mundanos e se acham mais voltados para as coisas da\u00a0 terra do que para as realidades eternas da Jerusal\u00e9m celeste.\u00a0 Deve ecoar, contudo, durante a Quaresma os ensinamentos de Jo\u00e3o Batista e de Jesus que levam a uma revis\u00e3o de vida, a uma corajosa abdica\u00e7\u00e3o de tudo que coloca em risco a salva\u00e7\u00e3o eterna, numa fuga audaz da voluptuosidade, da devassid\u00e3o, procurando o verdadeiro crist\u00e3o uma\u00a0 total renova\u00e7\u00e3o interior, ou seja,\u00a0 a convers\u00e3o para uma vida santa e justa, porque, caso contr\u00e1rio, deixou claro Jesus n\u00e3o entrar\u00c1 no reino dos c\u00e9us (Mt 5, 20). <\/p>\n<p>* Professor no Semin\u00e1rio de Mariana durante 40 anos.<\/p>\n","protected":false},"excerpt":{"rendered":"<p>A advert\u00eancia de Jesus:Convertei-vos (Mc 1,15) ecoa solene no tempo quaresmal. O Mestre divino pronunciou tais palavras ap\u00f3s ter passado quarenta dias no deserto. Jo\u00e3o Batista que tamb\u00e9m viveu no deserto anunciou, outrossim,\u00a0 a convers\u00e3o \u00e0 pr\u00e1tica da justi\u00e7a como caminho para remover o pecado, procurando a uni\u00e3o beat\u00edfica com Deus. Fazei penit\u00eancia foi a [&hellip;]<\/p>\n","protected":false},"author":7,"featured_media":1361,"comment_status":"closed","ping_status":"closed","sticky":false,"template":"","format":"standard","meta":{"footnotes":""},"categories":[9],"tags":[],"class_list":["post-1531","post","type-post","status-publish","format-standard","has-post-thumbnail","hentry","category-artigos"],"_links":{"self":[{"href":"https:\/\/catolicanet.net\/wp-cnet\/wp-json\/wp\/v2\/posts\/1531","targetHints":{"allow":["GET"]}}],"collection":[{"href":"https:\/\/catolicanet.net\/wp-cnet\/wp-json\/wp\/v2\/posts"}],"about":[{"href":"https:\/\/catolicanet.net\/wp-cnet\/wp-json\/wp\/v2\/types\/post"}],"author":[{"embeddable":true,"href":"https:\/\/catolicanet.net\/wp-cnet\/wp-json\/wp\/v2\/users\/7"}],"replies":[{"embeddable":true,"href":"https:\/\/catolicanet.net\/wp-cnet\/wp-json\/wp\/v2\/comments?post=1531"}],"version-history":[{"count":1,"href":"https:\/\/catolicanet.net\/wp-cnet\/wp-json\/wp\/v2\/posts\/1531\/revisions"}],"predecessor-version":[{"id":6745,"href":"https:\/\/catolicanet.net\/wp-cnet\/wp-json\/wp\/v2\/posts\/1531\/revisions\/6745"}],"wp:featuredmedia":[{"embeddable":true,"href":"https:\/\/catolicanet.net\/wp-cnet\/wp-json\/wp\/v2\/media\/1361"}],"wp:attachment":[{"href":"https:\/\/catolicanet.net\/wp-cnet\/wp-json\/wp\/v2\/media?parent=1531"}],"wp:term":[{"taxonomy":"category","embeddable":true,"href":"https:\/\/catolicanet.net\/wp-cnet\/wp-json\/wp\/v2\/categories?post=1531"},{"taxonomy":"post_tag","embeddable":true,"href":"https:\/\/catolicanet.net\/wp-cnet\/wp-json\/wp\/v2\/tags?post=1531"}],"curies":[{"name":"wp","href":"https:\/\/api.w.org\/{rel}","templated":true}]}}