{"id":15309,"date":"2016-06-16T13:23:37","date_gmt":"2016-06-16T16:23:37","guid":{"rendered":"http:\/\/catolicanet.net\/wp-cnet\/2016\/06\/16\/o-papa-no-youtube-com-a-redacao-brasileira\/"},"modified":"2017-06-02T11:29:43","modified_gmt":"2017-06-02T14:29:43","slug":"o-papa-no-youtube-com-a-redacao-brasileira","status":"publish","type":"post","link":"https:\/\/catolicanet.net\/wp-cnet\/o-papa-no-youtube-com-a-redacao-brasileira\/","title":{"rendered":"O Papa no YouTube com a Reda\u00e7\u00e3o Brasileira"},"content":{"rendered":"<p style=\"text-align: justify;\"><img decoding=\"async\" src=\"http:\/\/www.catolicanet.com.br\/images\/stories\/papas\/ossrom125858_articolo.jpg\" border=\"0\" align=\"left\" \/>A Reda\u00e7\u00e3o Brasileira da R\u00e1dio Vaticano assumiu um novo desafio: transmitir em portugu\u00eas ao vivo pelo YouTube os principais eventos do Papa Francisco e da Santa S\u00e9.<\/p>\n<p>Para receber os avisos sobre as futuras transmiss\u00f5es inscreva-se em nosso canal VaticanBR.<\/p>\n<p>A iniciativa atende \u00e0s exig\u00eancias das novas ferramentas de comunica\u00e7\u00e3o, com aten\u00e7\u00e3o especial \u00e0 evangeliza\u00e7\u00e3o por meio da internet, com \u00eanfase nas redes sociais.<\/p>\n<p>Ao promover a difus\u00e3o da mensagem do Papa em l\u00edngua portuguesa, a Reda\u00e7\u00e3o Brasileira proporciona um ponto de encontro online com informa\u00e7\u00e3o precisa e direta da fonte.<\/p>\n<p>A intera\u00e7\u00e3o \u00e9 uma das principais caracter\u00edsticas da nova ferramenta, que oferece a possibilidade de enviar mensagens ao vivo durante as transmiss\u00f5es.<\/p>\n<p>Como um novo marco nas comunica\u00e7\u00f5es vaticanas para os cat\u00f3licos brasileiros e lus\u00f3fonos, convidamos todos a compartilhar e inscrever-se neste novo canal de informa\u00e7\u00e3o dedicado ao Magist\u00e9rio do Papa Francisco.<\/p>\n<p>Os eventos ao vivo tamb\u00e9m ser\u00e3o promovidos em nosso Twitter e Facebook.<\/p>\n<p style=\"text-align: justify;\">\u00a0<\/p>\n<p style=\"text-align: justify;\">Fonte: R\u00e1dio Vaticano<\/p>\n","protected":false},"excerpt":{"rendered":"<p>A Reda\u00e7\u00e3o Brasileira da R\u00e1dio Vaticano assumiu um novo desafio: transmitir em portugu\u00eas ao vivo pelo YouTube os principais eventos do Papa Francisco e da Santa S\u00e9. Para receber os avisos sobre as futuras transmiss\u00f5es inscreva-se em nosso canal VaticanBR. A iniciativa atende \u00e0s exig\u00eancias das novas ferramentas de comunica\u00e7\u00e3o, com aten\u00e7\u00e3o especial \u00e0 evangeliza\u00e7\u00e3o [&hellip;]<\/p>\n","protected":false},"author":1,"featured_media":15308,"comment_status":"open","ping_status":"open","sticky":false,"template":"","format":"standard","meta":{"footnotes":""},"categories":[3],"tags":[],"class_list":["post-15309","post","type-post","status-publish","format-standard","has-post-thumbnail","hentry","category-vaticano"],"_links":{"self":[{"href":"https:\/\/catolicanet.net\/wp-cnet\/wp-json\/wp\/v2\/posts\/15309","targetHints":{"allow":["GET"]}}],"collection":[{"href":"https:\/\/catolicanet.net\/wp-cnet\/wp-json\/wp\/v2\/posts"}],"about":[{"href":"https:\/\/catolicanet.net\/wp-cnet\/wp-json\/wp\/v2\/types\/post"}],"author":[{"embeddable":true,"href":"https:\/\/catolicanet.net\/wp-cnet\/wp-json\/wp\/v2\/users\/1"}],"replies":[{"embeddable":true,"href":"https:\/\/catolicanet.net\/wp-cnet\/wp-json\/wp\/v2\/comments?post=15309"}],"version-history":[{"count":1,"href":"https:\/\/catolicanet.net\/wp-cnet\/wp-json\/wp\/v2\/posts\/15309\/revisions"}],"predecessor-version":[{"id":28215,"href":"https:\/\/catolicanet.net\/wp-cnet\/wp-json\/wp\/v2\/posts\/15309\/revisions\/28215"}],"wp:featuredmedia":[{"embeddable":true,"href":"https:\/\/catolicanet.net\/wp-cnet\/wp-json\/wp\/v2\/media\/15308"}],"wp:attachment":[{"href":"https:\/\/catolicanet.net\/wp-cnet\/wp-json\/wp\/v2\/media?parent=15309"}],"wp:term":[{"taxonomy":"category","embeddable":true,"href":"https:\/\/catolicanet.net\/wp-cnet\/wp-json\/wp\/v2\/categories?post=15309"},{"taxonomy":"post_tag","embeddable":true,"href":"https:\/\/catolicanet.net\/wp-cnet\/wp-json\/wp\/v2\/tags?post=15309"}],"curies":[{"name":"wp","href":"https:\/\/api.w.org\/{rel}","templated":true}]}}