{"id":15301,"date":"2016-06-16T13:06:16","date_gmt":"2016-06-16T16:06:16","guid":{"rendered":"http:\/\/catolicanet.net\/wp-cnet\/2016\/06\/16\/papa-encontrou-se-com-o-primeiro-ministro-da-holanda\/"},"modified":"2017-06-02T11:48:11","modified_gmt":"2017-06-02T14:48:11","slug":"papa-encontrou-se-com-o-primeiro-ministro-da-holanda","status":"publish","type":"post","link":"https:\/\/catolicanet.net\/wp-cnet\/papa-encontrou-se-com-o-primeiro-ministro-da-holanda\/","title":{"rendered":"Papa encontrou-se com o primeiro-ministro da Holanda"},"content":{"rendered":"<p style=\"text-align: justify;\"><img decoding=\"async\" src=\"http:\/\/www.catolicanet.com.br\/images\/stories\/papas\/ap3488920_articolo.jpg\" border=\"0\" align=\"left\" \/>O Papa Francisco recebeu em audi\u00eancia na manh\u00e3 desta quarta-feira, no Vaticano, o Primeiro-ministro da Holanda, Mark Rutte, o qual, sucessivamente, encontrou o Cardeal Secret\u00e1rio de Estado, Pietro Parolin, acompanhado do Secret\u00e1rio das Rela\u00e7\u00f5es com os Estados, D. Paul Richard Gallagher.<\/p>\n<p>Segundo comunicado da Sala de Imprensa da Santa S\u00e9, durante as cordiais conversa\u00e7\u00f5es foram evidenciadas as boas rela\u00e7\u00f5es bilaterais entre a Holanda e a Santa S\u00e9. Em seguida, detiveram-se sobre quest\u00f5es de interesse comum, como o fen\u00f4meno das migra\u00e7\u00f5es, e foram analisadas diferentes problem\u00e1ticas de car\u00e1ter internacional.<\/p>\n<p style=\"text-align: justify;\">\u00a0<\/p>\n<p style=\"text-align: justify;\">Fonte: R\u00e1dio Vaticano<\/p>\n","protected":false},"excerpt":{"rendered":"<p>O Papa Francisco recebeu em audi\u00eancia na manh\u00e3 desta quarta-feira, no Vaticano, o Primeiro-ministro da Holanda, Mark Rutte, o qual, sucessivamente, encontrou o Cardeal Secret\u00e1rio de Estado, Pietro Parolin, acompanhado do Secret\u00e1rio das Rela\u00e7\u00f5es com os Estados, D. Paul Richard Gallagher. Segundo comunicado da Sala de Imprensa da Santa S\u00e9, durante as cordiais conversa\u00e7\u00f5es foram [&hellip;]<\/p>\n","protected":false},"author":1,"featured_media":15300,"comment_status":"open","ping_status":"open","sticky":false,"template":"","format":"standard","meta":{"footnotes":""},"categories":[3],"tags":[],"class_list":["post-15301","post","type-post","status-publish","format-standard","has-post-thumbnail","hentry","category-vaticano"],"_links":{"self":[{"href":"https:\/\/catolicanet.net\/wp-cnet\/wp-json\/wp\/v2\/posts\/15301","targetHints":{"allow":["GET"]}}],"collection":[{"href":"https:\/\/catolicanet.net\/wp-cnet\/wp-json\/wp\/v2\/posts"}],"about":[{"href":"https:\/\/catolicanet.net\/wp-cnet\/wp-json\/wp\/v2\/types\/post"}],"author":[{"embeddable":true,"href":"https:\/\/catolicanet.net\/wp-cnet\/wp-json\/wp\/v2\/users\/1"}],"replies":[{"embeddable":true,"href":"https:\/\/catolicanet.net\/wp-cnet\/wp-json\/wp\/v2\/comments?post=15301"}],"version-history":[{"count":1,"href":"https:\/\/catolicanet.net\/wp-cnet\/wp-json\/wp\/v2\/posts\/15301\/revisions"}],"predecessor-version":[{"id":28316,"href":"https:\/\/catolicanet.net\/wp-cnet\/wp-json\/wp\/v2\/posts\/15301\/revisions\/28316"}],"wp:featuredmedia":[{"embeddable":true,"href":"https:\/\/catolicanet.net\/wp-cnet\/wp-json\/wp\/v2\/media\/15300"}],"wp:attachment":[{"href":"https:\/\/catolicanet.net\/wp-cnet\/wp-json\/wp\/v2\/media?parent=15301"}],"wp:term":[{"taxonomy":"category","embeddable":true,"href":"https:\/\/catolicanet.net\/wp-cnet\/wp-json\/wp\/v2\/categories?post=15301"},{"taxonomy":"post_tag","embeddable":true,"href":"https:\/\/catolicanet.net\/wp-cnet\/wp-json\/wp\/v2\/tags?post=15301"}],"curies":[{"name":"wp","href":"https:\/\/api.w.org\/{rel}","templated":true}]}}