{"id":15277,"date":"2016-06-15T14:08:42","date_gmt":"2016-06-15T17:08:42","guid":{"rendered":"http:\/\/catolicanet.net\/wp-cnet\/2016\/06\/15\/venezuela-a-situacao-e-terrivel-as-pessoas-passam-fome-os-direitos-humanos-sao-violados\/"},"modified":"2017-05-30T08:32:46","modified_gmt":"2017-05-30T11:32:46","slug":"venezuela-a-situacao-e-terrivel-as-pessoas-passam-fome-os-direitos-humanos-sao-violados","status":"publish","type":"post","link":"https:\/\/catolicanet.net\/wp-cnet\/venezuela-a-situacao-e-terrivel-as-pessoas-passam-fome-os-direitos-humanos-sao-violados\/","title":{"rendered":"Venezuela: \u201cA situa\u00e7\u00e3o \u00e9 terr\u00edvel, as pessoas passam fome, os direitos humanos s\u00e3o violados\u201d"},"content":{"rendered":"<p style=\"text-align: justify;\"><img decoding=\"async\" src=\"http:\/\/www.catolicanet.com.br\/images\/stories\/noticias\/venezuela_orthographic.png\" border=\"0\" align=\"left\" \/>O prior regional do Vicariato da Prov\u00edncia de Nossa Senhora do Ros\u00e1rio, frei Angelo Villasmil, OP, em uma carta dirigida aos dominicanos da sua prov\u00edncia e da Am\u00e9rica Latina e do Caribe e que foi divulgada hoje tamb\u00e9m pela Ag\u00eancia Fides, garante que \u201ca situa\u00e7\u00e3o da Venezuela \u00e9 terr\u00edvel\u201d e a \u201cpopula\u00e7\u00e3o est\u00e1 passando fome\u201d.<\/p>\n<p>Frei Angelo fornece detalhes sobre os principais fatores que \u201ccaracterizam a terr\u00edvel situa\u00e7\u00e3o que vive a Venezuela\u201d: infla\u00e7\u00e3o, escassez e inseguran\u00e7a. Tamb\u00e9m denuncia \u201ca viola\u00e7\u00e3o sistem\u00e1tica dos direitos humanos\u201d que constitui \u201cuma das caracter\u00edsticas mais dolorosas da situa\u00e7\u00e3o atual do pa\u00eds\u201d e descreve o \u201cclima de tens\u00e3o social\u201d reinante.<\/p>\n<p>Depois de v\u00e1rias manifesta\u00e7\u00f5es, se nota a rea\u00e7\u00e3o do Governo, afirma a carta: \u201cmais de uma centena de presos pol\u00edticos, muitos torturados e mortos. E tudo isso coberto pela mais absoluta impunidade\u201d.<\/p>\n<p>Uma das coisas mais graves, disse o prior, \u00e9 \u201co bloqueio de informa\u00e7\u00f5es imposto pelo governo que s\u00f3 deixou aberta a janela das redes sociais. A partir das redes sociais conseguimos inteirar-nos dos casos concretos das pessoas que morrem pela falta de rem\u00e9dios, de pessoas que morrem de fome ou de pessoas que morrem pelos efeitos repressivos do Estado no dom\u00ednio dos protestos e dos saques que est\u00e3o ocorrendo no pa\u00eds\u201d.<\/p>\n<p>No que diz respeito \u00e0 inseguran\u00e7a, \u201cn\u00e3o sabemos os n\u00fameros oficiais dos cad\u00e1veres que entram todo fim de semana no necrot\u00e9rio de Bello Monte, nos arredores da capital \u2026 no necrot\u00e9rio de Caracas entram em cada fim de semana entre quarenta e cinquenta corpos de pessoas mortas pelo crime organizado. As ruas de Caracas e das principais cidades do pa\u00eds ficam desoladas com o cair da noite. N\u00e3o se trata s\u00f3 de delinqu\u00eancia comum. Trata-se de crime organizado constitu\u00eddo em gangues que submetem, assassinam, sequestram e ludibriam a popula\u00e7\u00e3o\u201d.<\/p>\n<p>\u201cExiste uma sa\u00edda da situa\u00e7\u00e3o na qual est\u00e1 a Venezuela? \u00c9 o que n\u00f3s estamos esperando, embora saibamos que uma solu\u00e7\u00e3o constitucional e pac\u00edfica \u00e9 cada vez mais dif\u00edcil, considerando que o governo est\u00e1 bloqueando todos os canais pelos quais poderia conseguir uma solu\u00e7\u00e3o pac\u00edfica\u201d, destaca a carta.<\/p>\n<p>\u201cA Confer\u00eancia Episcopal, atrav\u00e9s de v\u00e1rias comunica\u00e7\u00f5es, colocou-se em uma situa\u00e7\u00e3o cr\u00edtica frente ao governo\u201d, se l\u00ea na parte final da carta, que continua: \u201cSomos conscientes de que em algum momento, como Igreja, teremos que suportar o que poderia ser a vingan\u00e7a do Governo\u201d.<\/p>\n<p>E frei Angelo termina dizendo: \u201c\u00c9 a Igreja que elevou a sua voz perante a crise e a favor dos venezuelanos. \u00c9 a Igreja que denunciou as viola\u00e7\u00f5es e abusos aos direitos humanos acontecidos no pa\u00eds. \u00c9 por isso que n\u00e3o duvidamos que a Igreja possa ser atacada\u201d.<\/p>\n<p style=\"text-align: justify;\">\u00a0<\/p>\n<p style=\"text-align: justify;\">Fonte: Zenit<\/p>\n","protected":false},"excerpt":{"rendered":"<p>O prior regional do Vicariato da Prov\u00edncia de Nossa Senhora do Ros\u00e1rio, frei Angelo Villasmil, OP, em uma carta dirigida aos dominicanos da sua prov\u00edncia e da Am\u00e9rica Latina e do Caribe e que foi divulgada hoje tamb\u00e9m pela Ag\u00eancia Fides, garante que \u201ca situa\u00e7\u00e3o da Venezuela \u00e9 terr\u00edvel\u201d e a \u201cpopula\u00e7\u00e3o est\u00e1 passando fome\u201d. [&hellip;]<\/p>\n","protected":false},"author":1,"featured_media":15276,"comment_status":"open","ping_status":"open","sticky":false,"template":"","format":"standard","meta":{"footnotes":""},"categories":[4],"tags":[],"class_list":["post-15277","post","type-post","status-publish","format-standard","has-post-thumbnail","hentry","category-cotidiano"],"_links":{"self":[{"href":"https:\/\/catolicanet.net\/wp-cnet\/wp-json\/wp\/v2\/posts\/15277","targetHints":{"allow":["GET"]}}],"collection":[{"href":"https:\/\/catolicanet.net\/wp-cnet\/wp-json\/wp\/v2\/posts"}],"about":[{"href":"https:\/\/catolicanet.net\/wp-cnet\/wp-json\/wp\/v2\/types\/post"}],"author":[{"embeddable":true,"href":"https:\/\/catolicanet.net\/wp-cnet\/wp-json\/wp\/v2\/users\/1"}],"replies":[{"embeddable":true,"href":"https:\/\/catolicanet.net\/wp-cnet\/wp-json\/wp\/v2\/comments?post=15277"}],"version-history":[{"count":1,"href":"https:\/\/catolicanet.net\/wp-cnet\/wp-json\/wp\/v2\/posts\/15277\/revisions"}],"predecessor-version":[{"id":24318,"href":"https:\/\/catolicanet.net\/wp-cnet\/wp-json\/wp\/v2\/posts\/15277\/revisions\/24318"}],"wp:featuredmedia":[{"embeddable":true,"href":"https:\/\/catolicanet.net\/wp-cnet\/wp-json\/wp\/v2\/media\/15276"}],"wp:attachment":[{"href":"https:\/\/catolicanet.net\/wp-cnet\/wp-json\/wp\/v2\/media?parent=15277"}],"wp:term":[{"taxonomy":"category","embeddable":true,"href":"https:\/\/catolicanet.net\/wp-cnet\/wp-json\/wp\/v2\/categories?post=15277"},{"taxonomy":"post_tag","embeddable":true,"href":"https:\/\/catolicanet.net\/wp-cnet\/wp-json\/wp\/v2\/tags?post=15277"}],"curies":[{"name":"wp","href":"https:\/\/api.w.org\/{rel}","templated":true}]}}