{"id":15270,"date":"2016-06-15T13:50:47","date_gmt":"2016-06-15T16:50:47","guid":{"rendered":"http:\/\/catolicanet.net\/wp-cnet\/2016\/06\/15\/rio-2016-experiencia-de-acolhida-da-jmj-se-repetira-nos-jogos-olimpicos\/"},"modified":"2017-05-31T10:27:01","modified_gmt":"2017-05-31T13:27:01","slug":"rio-2016-experiencia-de-acolhida-da-jmj-se-repetira-nos-jogos-olimpicos","status":"publish","type":"post","link":"https:\/\/catolicanet.net\/wp-cnet\/rio-2016-experiencia-de-acolhida-da-jmj-se-repetira-nos-jogos-olimpicos\/","title":{"rendered":"Rio 2016: Experi\u00eancia de acolhida da JMJ se repetir\u00e1 nos Jogos Ol\u00edmpicos"},"content":{"rendered":"<p style=\"text-align: justify;\"><img decoding=\"async\" src=\"http:\/\/www.catolicanet.com.br\/images\/stories\/noticias\/jn53efxt.jpg\" border=\"0\" align=\"left\" \/>A experi\u00eancia de acolhida vivida durante a Jornada Mundial da Juventude de 2013, no Rio de Janeiro, estar\u00e1 agora a disposi\u00e7\u00e3o dos volunt\u00e1rios das Olimp\u00edadas e Paraolimp\u00edadas 2016, na Cidade Maravilhosa. Isso ser\u00e1 poss\u00edvel devido a uma parceria entre a Arquidiocese do Rio e o Comit\u00ea organizador dos jogos para que fam\u00edlias recebam os volunt\u00e1rios em suas casas.<\/p>\n<p>Na segunda-feira, 13, a Arquidiocese firmou a parceria com o Rio2016, por meio da qual passa a apoiar o programa \u2018Meu Lugar no Rio\u2019. Trata-se de uma plataforma colaborativa a fim de facilitar a busca por hospedagem pelos volunt\u00e1rios.<\/p>\n<p>\u201cQuem vier ao Rio ser\u00e1 muito importante para os Jogos, at\u00e9 porque o Rio \u00e9 um lugar acolhedor, como foi demonstrado na Jornada Mundial da Juventude\u201d, disse o Arcebispo, Cardeal Orani Jo\u00e3o Tempesta, segundo o portal oficial da competi\u00e7\u00e3o.<\/p>\n<p>Durante a JMJ 2013, mais de 80 mil peregrinos ficaram hospedados em casas de fam\u00edlia. Neste ano, para os Jogos Rio2016 \u2013 os primeiros a serem realizados na Am\u00e9rica do Sul \u2013 cerca de 50 mil volunt\u00e1rios chegar\u00e3o \u00e0 cidade. A Arquidiocese v\u00ea neste evento esportivo uma oportunidade de acolhimento das pessoas, com algo fundamental para a organiza\u00e7\u00e3o.<\/p>\n<p>Lembrando que a JMJ e os Jogos Ol\u00edmpicos s\u00e3o eventos diferentes, Dom Orani assinalou que \u201cvale o mesmo esp\u00edrito, a import\u00e2ncia de acolher algu\u00e9m\u201d, que agora ser\u00e3o os volunt\u00e1rios e n\u00e3os os peregrinos.<\/p>\n<p>Para a gerente geral do Programa de Volunt\u00e1rio do Rio2016, Fl\u00e1via Fontes, \u201ca parceria com a Arquidiocese do Rio \u00e9 muito importante para facilitar o encontro com pessoas que j\u00e1 abriram seu cora\u00e7\u00e3o durante a Jornada Mundial da Juventude e que agora podem, de novo, demonstrar sua solidariedade com os volunt\u00e1rios do Rio 2016\u201d.<\/p>\n<p>A plataforma colaborativa online Meu Lugar no Rio (www.meulugarnorio.com.br) foi produzida pelo Comit\u00ea Organizador dos Jogos Rio 2016 com o objetivo de possibilitar o encontro de pessoas que t\u00eam um lugar para oferecer hospedagem e os volunt\u00e1rios que v\u00eam \u00e0 cidade para atuar durante os Jogos Ol\u00edmpicos (5 e 21 de agosto) e Paraol\u00edmpicos (7 e 18 de setembro).<\/p>\n<p>Os interessados em receber um volunt\u00e1rio em sua casa poder\u00e3o fazer o cadastro como candidatos a anfitri\u00f5es. Poder\u00e3o se inscrever moradores da regi\u00e3o metropolitana do Rio de Janeiro.<\/p>\n<p>Os volunt\u00e1rios tamb\u00e9m precisam sinalizar se precisar\u00e3o de uma casa para ser acolhido durante o evento. Ap\u00f3s esses cadastros, toda conversa e organiza\u00e7\u00e3o relativa \u00e0 hospedagem \u00e9 de responsabilidade do volunt\u00e1rio e do anfitri\u00e3o envolvidos.<\/p>\n<p style=\"text-align: justify;\">\u00a0<\/p>\n<p style=\"text-align: justify;\">Fonte: Acidigital<\/p>\n","protected":false},"excerpt":{"rendered":"<p>A experi\u00eancia de acolhida vivida durante a Jornada Mundial da Juventude de 2013, no Rio de Janeiro, estar\u00e1 agora a disposi\u00e7\u00e3o dos volunt\u00e1rios das Olimp\u00edadas e Paraolimp\u00edadas 2016, na Cidade Maravilhosa. Isso ser\u00e1 poss\u00edvel devido a uma parceria entre a Arquidiocese do Rio e o Comit\u00ea organizador dos jogos para que fam\u00edlias recebam os volunt\u00e1rios [&hellip;]<\/p>\n","protected":false},"author":1,"featured_media":15269,"comment_status":"open","ping_status":"open","sticky":false,"template":"","format":"standard","meta":{"footnotes":""},"categories":[4],"tags":[],"class_list":["post-15270","post","type-post","status-publish","format-standard","has-post-thumbnail","hentry","category-cotidiano"],"_links":{"self":[{"href":"https:\/\/catolicanet.net\/wp-cnet\/wp-json\/wp\/v2\/posts\/15270","targetHints":{"allow":["GET"]}}],"collection":[{"href":"https:\/\/catolicanet.net\/wp-cnet\/wp-json\/wp\/v2\/posts"}],"about":[{"href":"https:\/\/catolicanet.net\/wp-cnet\/wp-json\/wp\/v2\/types\/post"}],"author":[{"embeddable":true,"href":"https:\/\/catolicanet.net\/wp-cnet\/wp-json\/wp\/v2\/users\/1"}],"replies":[{"embeddable":true,"href":"https:\/\/catolicanet.net\/wp-cnet\/wp-json\/wp\/v2\/comments?post=15270"}],"version-history":[{"count":1,"href":"https:\/\/catolicanet.net\/wp-cnet\/wp-json\/wp\/v2\/posts\/15270\/revisions"}],"predecessor-version":[{"id":25802,"href":"https:\/\/catolicanet.net\/wp-cnet\/wp-json\/wp\/v2\/posts\/15270\/revisions\/25802"}],"wp:featuredmedia":[{"embeddable":true,"href":"https:\/\/catolicanet.net\/wp-cnet\/wp-json\/wp\/v2\/media\/15269"}],"wp:attachment":[{"href":"https:\/\/catolicanet.net\/wp-cnet\/wp-json\/wp\/v2\/media?parent=15270"}],"wp:term":[{"taxonomy":"category","embeddable":true,"href":"https:\/\/catolicanet.net\/wp-cnet\/wp-json\/wp\/v2\/categories?post=15270"},{"taxonomy":"post_tag","embeddable":true,"href":"https:\/\/catolicanet.net\/wp-cnet\/wp-json\/wp\/v2\/tags?post=15270"}],"curies":[{"name":"wp","href":"https:\/\/api.w.org\/{rel}","templated":true}]}}