{"id":15262,"date":"2016-06-15T13:08:31","date_gmt":"2016-06-15T16:08:31","guid":{"rendered":"http:\/\/catolicanet.net\/wp-cnet\/2016\/06\/15\/papa-emerito-bento-xvi-regressou-ao-vaticano-2\/"},"modified":"2017-06-02T11:48:09","modified_gmt":"2017-06-02T14:48:09","slug":"papa-emerito-bento-xvi-regressou-ao-vaticano-2","status":"publish","type":"post","link":"https:\/\/catolicanet.net\/wp-cnet\/papa-emerito-bento-xvi-regressou-ao-vaticano-2\/","title":{"rendered":"Papa Em\u00e9rito Bento XVI regressou ao Vaticano"},"content":{"rendered":"<p style=\"text-align: justify;\"><img decoding=\"async\" src=\"http:\/\/www.catolicanet.com.br\/images\/stories\/papas\/ossrom59423_articolo.jpg\" border=\"0\" align=\"left\" \/>Nesta ter\u00e7a-feira dia 14 de julho o Papa Em\u00e9rito Bento XVI regressou ao Vaticano, ao Mosteiro Mater Ecclesiae, onde vive, ap\u00f3s ter passado alguns dias de repouso na resid\u00eancia papal de Castelgandolfo.<\/p>\n<p>Durante este per\u00edodo em Castelgandolfo o Cardeal Stanis\u0142aw Dziwisz, arcebispo de Crac\u00f3via na Pol\u00f4nia, conferiu a Bento XVI dois t\u00edtulos de doutoramento \u201chonoris causa\u201d em nome dos reitores da Academia Musical de Crac\u00f3via e da Universidade Pontif\u00edcia Jo\u00e3o Paulo II, que foi institu\u00edda por Bento XVI a 19 de junho de 2009.<\/p>\n<p>Recordemos que no dia 30 de junho, o Papa Francisco esteve no Mosteiro Mater Ecclesiae visitando o Papa Em\u00e9rito Bento XVI antes da sua partida para Castelgandolfo.<\/p>\n<p style=\"text-align: justify;\">\u00a0<\/p>\n<p style=\"text-align: justify;\">Fonte: R\u00e1dio Vaticano<\/p>\n","protected":false},"excerpt":{"rendered":"<p>Nesta ter\u00e7a-feira dia 14 de julho o Papa Em\u00e9rito Bento XVI regressou ao Vaticano, ao Mosteiro Mater Ecclesiae, onde vive, ap\u00f3s ter passado alguns dias de repouso na resid\u00eancia papal de Castelgandolfo. Durante este per\u00edodo em Castelgandolfo o Cardeal Stanis\u0142aw Dziwisz, arcebispo de Crac\u00f3via na Pol\u00f4nia, conferiu a Bento XVI dois t\u00edtulos de doutoramento \u201chonoris [&hellip;]<\/p>\n","protected":false},"author":1,"featured_media":15261,"comment_status":"open","ping_status":"open","sticky":false,"template":"","format":"standard","meta":{"footnotes":""},"categories":[3],"tags":[],"class_list":["post-15262","post","type-post","status-publish","format-standard","has-post-thumbnail","hentry","category-vaticano"],"_links":{"self":[{"href":"https:\/\/catolicanet.net\/wp-cnet\/wp-json\/wp\/v2\/posts\/15262","targetHints":{"allow":["GET"]}}],"collection":[{"href":"https:\/\/catolicanet.net\/wp-cnet\/wp-json\/wp\/v2\/posts"}],"about":[{"href":"https:\/\/catolicanet.net\/wp-cnet\/wp-json\/wp\/v2\/types\/post"}],"author":[{"embeddable":true,"href":"https:\/\/catolicanet.net\/wp-cnet\/wp-json\/wp\/v2\/users\/1"}],"replies":[{"embeddable":true,"href":"https:\/\/catolicanet.net\/wp-cnet\/wp-json\/wp\/v2\/comments?post=15262"}],"version-history":[{"count":1,"href":"https:\/\/catolicanet.net\/wp-cnet\/wp-json\/wp\/v2\/posts\/15262\/revisions"}],"predecessor-version":[{"id":28313,"href":"https:\/\/catolicanet.net\/wp-cnet\/wp-json\/wp\/v2\/posts\/15262\/revisions\/28313"}],"wp:featuredmedia":[{"embeddable":true,"href":"https:\/\/catolicanet.net\/wp-cnet\/wp-json\/wp\/v2\/media\/15261"}],"wp:attachment":[{"href":"https:\/\/catolicanet.net\/wp-cnet\/wp-json\/wp\/v2\/media?parent=15262"}],"wp:term":[{"taxonomy":"category","embeddable":true,"href":"https:\/\/catolicanet.net\/wp-cnet\/wp-json\/wp\/v2\/categories?post=15262"},{"taxonomy":"post_tag","embeddable":true,"href":"https:\/\/catolicanet.net\/wp-cnet\/wp-json\/wp\/v2\/tags?post=15262"}],"curies":[{"name":"wp","href":"https:\/\/api.w.org\/{rel}","templated":true}]}}