{"id":15225,"date":"2016-06-14T13:38:35","date_gmt":"2016-06-14T16:38:35","guid":{"rendered":"http:\/\/catolicanet.net\/wp-cnet\/2016\/06\/14\/nova-carta-da-doutrina-da-fe-fala-sobre-hierarquia-e-carisma\/"},"modified":"2017-06-02T11:23:59","modified_gmt":"2017-06-02T14:23:59","slug":"nova-carta-da-doutrina-da-fe-fala-sobre-hierarquia-e-carisma","status":"publish","type":"post","link":"https:\/\/catolicanet.net\/wp-cnet\/nova-carta-da-doutrina-da-fe-fala-sobre-hierarquia-e-carisma\/","title":{"rendered":"Nova Carta da Doutrina da F\u00e9 fala sobre hierarquia e carisma"},"content":{"rendered":"<p style=\"text-align: justify;\"><img decoding=\"async\" src=\"http:\/\/www.catolicanet.com.br\/images\/stories\/papas\/ap2647561_articolo.jpg\" border=\"0\" align=\"left\" \/>\u201cA Igreja rejuvenesce\u201d \u00e9 o t\u00edtulo da Carta da Congrega\u00e7\u00e3o para a Doutrina da F\u00e9 publicada na manh\u00e3 desta ter\u00e7a-feira, (14\/06), e dirigida aos Bispos do mundo inteiro. O documento (leia a \u00edntegra) \u00e9 assinado pelo prefeito da Congrega\u00e7\u00e3o, Card. Ludwig M\u00fcller, e pelo Secret\u00e1rio, o Arcebispo Luis Ladaria.<\/p>\n<p>A Carta Iuvenescit Ecclesia fala da rela\u00e7\u00e3o entre dons hier\u00e1rquicos e carism\u00e1ticos para a vida e a miss\u00e3o da Igreja. Os primeiros s\u00e3o aqueles conferidos pelo Sacramento da ordena\u00e7\u00e3o (episcopal, sacerdotal e diaconal), enquanto os dons carism\u00e1ticos s\u00e3o livremente distribu\u00eddos pelo Esp\u00edrito Santo.<\/p>\n<p>Conex\u00e3o harm\u00f4nica e complementar, com obedi\u00eancia aos Pastores<\/p>\n<p>Em especial, a IE se det\u00eam sobre quest\u00f5es teol\u00f3gicas, e n\u00e3o pastorais ou pr\u00e1ticas, que derivam da rela\u00e7\u00e3o entre institui\u00e7\u00e3o eclesial e novos movimentos e agrega\u00e7\u00f5es, insistindo sobre a harm\u00f4nica conex\u00e3o e complementariedade dos dois dons.<\/p>\n<p>Em vista de uma \u201cparticipa\u00e7\u00e3o fecunda e ordenada\u201d dos carismas \u00e0 comunh\u00e3o da Igreja, estes n\u00e3o devem se subtrair \u00e0 \u201cobedi\u00eancia \u00e0 hierarquia eclesial\u201d nem t\u00eam \u201co direito a um minist\u00e9rio aut\u00f4nomo\u201d. <\/p>\n<p>\u201cDons de import\u00e2ncia irrenunci\u00e1vel para a vida e a miss\u00e3o eclesial\u201d, portanto, os carismas aut\u00eanticos devem ter \u201cabertura mission\u00e1ria\u201d, \u201cnecess\u00e1ria obedi\u00eancia aos Pastores\u201d e \u201ciman\u00eancia eclesial\u201d.<\/p>\n<p>N\u00e3o contrapor Igreja institucional e Igreja da caridade<\/p>\n<p>Portanto, a \u201ccontraposi\u00e7\u00e3o ou a justaposi\u00e7\u00e3o\u201d dos carismas com os dons hier\u00e1rquicos seria um erro. De fato, n\u00e3o se deve opor uma Igreja \u201cda institui\u00e7\u00e3o\u201d a uma Igreja \u201cda caridade\u201d, porque na Igreja \u201cinclusive as institui\u00e7\u00f5es essenciais s\u00e3o carism\u00e1ticas\u201d, e os \u201ccarismas devem se institucionalizar para terem coer\u00eancia e continuidade\u201d.<\/p>\n<p>Deste modo, ambas as dimens\u00f5es\u00a0 \u201cconcorrem conjuntamente para tornar presente o mist\u00e9rio de Cristo e a sua obra salv\u00edfica no mundo\u201d.<\/p>\n<p>Que a dimens\u00e3o carism\u00e1tica nunca falte \u00e0 Igreja<\/p>\n<p>As novas realidades, portanto, devem alcan\u00e7ar uma \u201cmaturidade eclesial\u201d que comporta sua plena valoriza\u00e7\u00e3o e inser\u00e7\u00e3o na vida da Igreja, sempre em comunh\u00e3o com os Pastores e atenta \u00e0s suas indica\u00e7\u00f5es.<\/p>\n<p>A exist\u00eancia de novas realidades, de fato \u2013 destaca a Carta \u2013 enche o cora\u00e7\u00e3o da Igreja de \u201calegria e gratid\u00e3o\u201d, mas as chama tamb\u00e9m a \u201crelacionar-se positivamente com todos os outros dons presentes na vida eclesial\u201d, para que sejam \u201cpromovidos com generosidade e acompanhados com vigilante paternidade\u201d pelos Pastores, \u201cde modo que tudo concorra para o bem da Igreja e para a sua miss\u00e3o evangelizadora\u201d.<\/p>\n<p>\u201cA dimens\u00e3o carism\u00e1tica \u2013 l\u00ea-se ainda no documento \u2013 nunca pode faltar \u00e0 vida e \u00e0 miss\u00e3o da Igreja\u201d.<\/p>\n<p>Os crit\u00e9rios para discernir os carismas aut\u00eanticos<\/p>\n<p>Mas como reconhecer um dom carism\u00e1tico aut\u00eantico?<\/p>\n<p>A Carta da Congrega\u00e7\u00e3o evoca o discernimento, tarefa que \u00e9 \u201cde pertin\u00eancia da autoridade eclesi\u00e1stica\u201d, segundo crit\u00e9rios espec\u00edficos: ser instrumento de santidade na Igreja; empenhar-se na difus\u00e3o mission\u00e1ria do Evangelho; confessar plenamente a f\u00e9 cat\u00f3lica; testemunhar uma comunh\u00e3o real com toda a Igreja, acolhendo com leal disponibilidade os seus ensinamentos doutrinais e pastorais; reconhecer e estimar os outros componentes carism\u00e1ticos na Igreja; aceitar com humildade os momentos de prova\u00e7\u00e3o no discernimento; ter frutos espirituais como caridade, alegria, paz, humanidade; olhar para a dimens\u00e3o social da evangeliza\u00e7\u00e3o, conscientes do fato de que \u201ca preocupa\u00e7\u00e3o pelo desenvolvimento integral dos mais abandonados n\u00e3o pode faltar numa aut\u00eantica realidade eclesial\u201d.<\/p>\n<p>O reconhecimento jur\u00eddico segundo o Direito can\u00f4nico<\/p>\n<p>Al\u00e9m disso, a IE indica outros dois crit\u00e9rios fundamentais a serem levados em considera\u00e7\u00e3o para o reconhecimento jur\u00eddico das novas realidades eclesiais, segundo as formas estabelecidas pelo C\u00f3digo de Direito Can\u00f4nico: o primeiro \u00e9 \u201co respeito pela peculiaridade carism\u00e1tica de cada agrega\u00e7\u00e3o eclesial\u201d, evitando \u201cformas jur\u00eddicas for\u00e7adas\u201d que \u201canulem a novidade\u201d.<\/p>\n<p>O segundo crit\u00e9rio concerne ao \u201crespeito do regime eclesial fundamental\u201d, favorecendo \u201ca inser\u00e7\u00e3o real dos dons carism\u00e1ticos na vida da Igreja\u201d, mas evitando que estes sejam concebidos como uma realidade paralela, sem uma refer\u00eancia ordenada aos dons hier\u00e1rquicos.<\/p>\n<p>Rela\u00e7\u00e3o entre Igreja universal e Igrejas particulares \u00e9 imprescind\u00edvel<\/p>\n<p>O documento da Congrega\u00e7\u00e3o para a Doutrina da F\u00e9 evidencia ainda que a rela\u00e7\u00e3o entre dons hier\u00e1rquicos e carism\u00e1ticos deve levar em considera\u00e7\u00e3o a \u201cimprescind\u00edvel e constitutiva rela\u00e7\u00e3o entre Igreja universal e Igrejas particulares\u201d. Isso significa que os carismas s\u00e3o oferecidos, sim, a toda a Igreja, mas sua din\u00e2mica \u201cn\u00e3o se pode realizar sem estar ao servi\u00e7o de uma diocese concreta\u201d.<\/p>\n<p>N\u00e3o s\u00f3: esses dons representam tamb\u00e9m \u201cuma aut\u00eantica possibilidade\u201d para viver e desenvolver a voca\u00e7\u00e3o crist\u00e3 de cada um, seja esta o matrim\u00f4nio, o celibato sacerdotal ou o minist\u00e9rio ordenado. Al\u00e9m disso, tamb\u00e9m a vida consagrada \u201cse insere na dimens\u00e3o carism\u00e1tica da Igreja\u201d, para que sua espiritualidade possa se tornar \u201cum recurso significativo\u201d seja para o fiel leigo, seja para o presb\u00edtero, ajudando ambos a viver uma voca\u00e7\u00e3o espec\u00edfica.<\/p>\n<p>Olhar para o modelo de Maria<\/p>\n<p>Por fim, a IE convida a olhar para Maria, \u201cM\u00e3e da Igreja\u201d, modelo de \u201cdocilidade plena \u00e0 a\u00e7\u00e3o do Esp\u00edrito Santo\u201d e de \u201cl\u00edmpida humildade\u201d: com a sua intercess\u00e3o, se faz votos que \u201cos carismas abundantemente distribu\u00eddos pelo Esp\u00edrito Santo entre os fi\u00e9is sejam por estes acolhidos com docilidade e produzam fruto para a vida e a miss\u00e3o da Igreja e para o bem do mundo\u201d.<\/p>\n<p style=\"text-align: justify;\">\u00a0<\/p>\n<p style=\"text-align: justify;\">Fonte: R\u00e1dio Vaticano<\/p>\n","protected":false},"excerpt":{"rendered":"<p>\u201cA Igreja rejuvenesce\u201d \u00e9 o t\u00edtulo da Carta da Congrega\u00e7\u00e3o para a Doutrina da F\u00e9 publicada na manh\u00e3 desta ter\u00e7a-feira, (14\/06), e dirigida aos Bispos do mundo inteiro. O documento (leia a \u00edntegra) \u00e9 assinado pelo prefeito da Congrega\u00e7\u00e3o, Card. Ludwig M\u00fcller, e pelo Secret\u00e1rio, o Arcebispo Luis Ladaria. A Carta Iuvenescit Ecclesia fala da [&hellip;]<\/p>\n","protected":false},"author":1,"featured_media":15224,"comment_status":"open","ping_status":"open","sticky":false,"template":"","format":"standard","meta":{"footnotes":""},"categories":[3],"tags":[],"class_list":["post-15225","post","type-post","status-publish","format-standard","has-post-thumbnail","hentry","category-vaticano"],"_links":{"self":[{"href":"https:\/\/catolicanet.net\/wp-cnet\/wp-json\/wp\/v2\/posts\/15225","targetHints":{"allow":["GET"]}}],"collection":[{"href":"https:\/\/catolicanet.net\/wp-cnet\/wp-json\/wp\/v2\/posts"}],"about":[{"href":"https:\/\/catolicanet.net\/wp-cnet\/wp-json\/wp\/v2\/types\/post"}],"author":[{"embeddable":true,"href":"https:\/\/catolicanet.net\/wp-cnet\/wp-json\/wp\/v2\/users\/1"}],"replies":[{"embeddable":true,"href":"https:\/\/catolicanet.net\/wp-cnet\/wp-json\/wp\/v2\/comments?post=15225"}],"version-history":[{"count":1,"href":"https:\/\/catolicanet.net\/wp-cnet\/wp-json\/wp\/v2\/posts\/15225\/revisions"}],"predecessor-version":[{"id":28189,"href":"https:\/\/catolicanet.net\/wp-cnet\/wp-json\/wp\/v2\/posts\/15225\/revisions\/28189"}],"wp:featuredmedia":[{"embeddable":true,"href":"https:\/\/catolicanet.net\/wp-cnet\/wp-json\/wp\/v2\/media\/15224"}],"wp:attachment":[{"href":"https:\/\/catolicanet.net\/wp-cnet\/wp-json\/wp\/v2\/media?parent=15225"}],"wp:term":[{"taxonomy":"category","embeddable":true,"href":"https:\/\/catolicanet.net\/wp-cnet\/wp-json\/wp\/v2\/categories?post=15225"},{"taxonomy":"post_tag","embeddable":true,"href":"https:\/\/catolicanet.net\/wp-cnet\/wp-json\/wp\/v2\/tags?post=15225"}],"curies":[{"name":"wp","href":"https:\/\/api.w.org\/{rel}","templated":true}]}}