{"id":15213,"date":"2016-06-14T13:09:33","date_gmt":"2016-06-14T16:09:33","guid":{"rendered":"http:\/\/catolicanet.net\/wp-cnet\/2016\/06\/14\/o-culto-ao-coracao-de-jesus\/"},"modified":"2017-05-08T11:31:32","modified_gmt":"2017-05-08T14:31:32","slug":"o-culto-ao-coracao-de-jesus","status":"publish","type":"post","link":"https:\/\/catolicanet.net\/wp-cnet\/o-culto-ao-coracao-de-jesus\/","title":{"rendered":"O culto ao cora\u00e7\u00e3o de Jesus"},"content":{"rendered":"<p style=\"text-align: justify;\">O culto ao Cora\u00e7\u00e3o de Jesus remonta aos escritos dos primeiros te\u00f3logos e, sobretudo, se enra\u00edza no texto mesmo da B\u00edblia. As Escrituras se referem centenas de vezes ao cora\u00e7\u00e3o. No Evangelho \u00e9 marcante a passagem que relata o fato do soldado romano que abriu o lado de Jesus morto na Cruz. Da\u00ed jorraram sangue e \u00e1gua (Jo 19,34), bem significando as gra\u00e7as redentoras dos sacramentos. Entretanto, somente na metade do s\u00e9culo XVIII \u00e9 que foi oficialmente institu\u00edda pela Igreja a festa em honra do Cora\u00e7\u00e3o de Jesus, atendendo \u00e0s solicita\u00e7\u00f5es formuladas\u00a0 por santa Margarida Maria Alacoque. O fervor dos fi\u00e9is permitiu que esta venera\u00e7\u00e3o se tornasse uma comemora\u00e7\u00e3o solene celebrada na sexta-feira que segue a semana da Festa de Corpus Christi. Cumpre penetrar fundo na ess\u00eancia da devo\u00e7\u00e3o ao Sagrado Cora\u00e7\u00e3o do Mestre divino.\u00a0 Esta devo\u00e7\u00e3o faz com que o fiel entre no mist\u00e9rio da Encarna\u00e7\u00e3o da Segunda Pessoa da Sant\u00edssima Trindade. Cristo teve um corpo humano, possuindo assim cora\u00e7\u00e3o que pulsou de amor pela humanidade que Ele viera remir. Ao ler os Evangelhos se percebe a compaix\u00e3o que Ele teve pelos sofredores. Movido por esta comisera\u00e7\u00e3o foi que\u00a0 Ele ressuscitou o filho \u00fanico da vi\u00fava de Naim, tendo-se condo\u00eddo com a tristeza daquela m\u00e3e.\u00a0 Com ternura lhe diz: \u201cN\u00e3o chores\u201d e realizou o not\u00e1vel milagre (Lc 7,11).\u00a0 Quando as turbas foram a p\u00e9 a\u00a0 sua procura, Ele, ao descer do barco em que estava, segundo S\u00e3o Mateus,\u00a0 \u201cao ver aquela multid\u00e3o, condoeu-se dela e curou-lhes os enfermos\u201d (Mt 14,14). Em seguida, como o lugar era deserto, multiplicou p\u00e3es e peixes para dar de comer a mais de cinco mil pessoas (Mt 14,21). Este Cora\u00e7\u00e3o de Jesus t\u00e3o amoroso se inflamou de c\u00f3lera ante a profana\u00e7\u00e3o do templo de Jerusal\u00e9m e expulsou os vendilh\u00f5es clamando: \u201cEst\u00e1\u00a0 escrito::\u201dA minha casa \u00e9 casa de ora\u00e7\u00e3o, mas v\u00f3s fazeis dela um antro de ladr\u00f5es\u201d ( Mt 21,12-13). Acolheu, por\u00e9m, sempre com ternura os pecadores arrependidos que O procuravam., como aconteceu com aquela pecadora na casa de Sim\u00e3o, o fariseu, numa das mais comovedoras cenas narradas no Evangelho (Lc 7,36-8,3). Ele sabia diagnosticar os sentimentos do ser humano e se mostrava compassivo l\u00e1 onde reinava um sincero desejo de mudan\u00e7a de vida.\u00a0\u00a0 Eis porque o devoto do Cora\u00e7\u00e3o de Jesus precisa saber compreender o pr\u00f3ximo, envolvendo a todos numa caridade fraternal. Isso, contudo, s\u00f3 ocorre a quem se deixa envolver na dile\u00e7\u00e3o sem limites de um Deus que \u00e9 oceano infinito de miseric\u00f3rdia Este Deus initerruptamente\u00a0 pronto a perdoar como se l\u00ea no cap\u00edtulo 11 do Profeta Os\u00e9ias.\u00a0 Com efeito, Israel cercado da ternura do Senhor Onipotente O abandonou, mas este Deus depois encontra um caminho de perd\u00e3o para seu povo. S\u00e3o Paulo mostrou ent\u00e3o\u00a0 que o Cora\u00e7\u00e3o\u00a0 de Jesus fez refulgir nesta terra as quatro dimens\u00f5es do amor. Assim desejou aos Ef\u00e9sios: \u201cQue Cristo habite, pela f\u00e9, vossos cora\u00e7\u00f5es e que v\u00f3s, radicados e alicer\u00e7ados na caridade, sejais capazes de compreender, com todos os santos, qual\u00a0 seja a largura, ao comprimento, a\u00a0 altura e a profundidade\u00a0 isto \u00e9, o conhecer a caridade de Cristo, que ultrapassa qualquer conhecimento, de modo que sejais repletos de toda a plenitude de Deus\u201d (Ef 3,17-20). Eis porque o Cora\u00e7\u00e3o trespassado de Jesus no Calv\u00e1rio \u00e9 bem o lugar da convers\u00e3o dos pecadores.\u00a0 Toda convers\u00e3o \u00e9 de um valor imenso diante de Deus porque \u00e9 a descoberta do pecado causa de tantas amarguras do divino Redentor. D\u00e1-se deste modo a recupera\u00e7\u00e3o da gra\u00e7a santificante. Meditar no amor que palpita no Cora\u00e7\u00e3o de Jesus \u00e9 encontrar, de fato, a trilha da santidade. Esta devo\u00e7\u00e3o leva o crist\u00e3o a desejar a configura\u00e7\u00e3o com o Cora\u00e7\u00e3o de Jesus, atingindo o ideal alcan\u00e7ado por S\u00e3o Paulo. Este p\u00f4de asseverar aos G\u00e1latas: \u201cEu vivo, mas n\u00e3o eu, \u00e9 Cristo que vive em mim. Esta minha vida presente, na carne, eu a vivo na f\u00e9, crendo no Filho de Deus, que me amou e por mim se entregou\u201d (Gl 2, 20-21). O Papa Pio XII na enc\u00edclica Haurietis aquas, assim se expressou: \u201cdesejando ardentemente opor segura barreira \u00e0s \u00edmpias maquina\u00e7\u00f5es dos inimigos de Deus e da Igreja, como tamb\u00e9m fazer as fam\u00edlias e as na\u00e7\u00f5es voltarem ao amor de Deus e do pr\u00f3ximo, n\u00e3o duvidamos em propor a devo\u00e7\u00e3o ao sagrado cora\u00e7\u00e3o de Jesus como escola eficac\u00edssima de caridade divina; dessa caridade divina sobre a qual se h\u00e1 de construir o reino de Deus nas almas dos indiv\u00edduos, na sociedade dom\u00e9stica e nas na\u00e7\u00f5es, como sabiamente advertiu o nosso mesmo predecessor, de piedosa mem\u00f3ria: &#8220;Da caridade divina recebe o reino de Jesus Cristo a sua for\u00e7a e a sua beleza; o seu fundamento e a sua s\u00edntese \u00e9 amar santa e ordenadamente. Donde necessariamente se segue o cumprir integralmente os pr\u00f3prios deveres, o n\u00e3o violar os direitos alheios, o considerar os bens naturais como inferiores aos sobrenaturais, e o antepor o amor de Deus a todas as coisas&#8221;.(Mt 26-37). Tudo isto frutos opimos do culto ao Cora\u00e7\u00e3o de Jesus! * Professor no Semin\u00e1rio de Mariana durante 40 anos.<\/p>\n","protected":false},"excerpt":{"rendered":"<p>O culto ao Cora\u00e7\u00e3o de Jesus remonta aos escritos dos primeiros te\u00f3logos e, sobretudo, se enra\u00edza no texto mesmo da B\u00edblia. As Escrituras se referem centenas de vezes ao cora\u00e7\u00e3o. No Evangelho \u00e9 marcante a passagem que relata o fato do soldado romano que abriu o lado de Jesus morto na Cruz. Da\u00ed jorraram sangue [&hellip;]<\/p>\n","protected":false},"author":7,"featured_media":0,"comment_status":"open","ping_status":"open","sticky":false,"template":"","format":"standard","meta":{"footnotes":""},"categories":[9],"tags":[],"class_list":["post-15213","post","type-post","status-publish","format-standard","hentry","category-artigos"],"_links":{"self":[{"href":"https:\/\/catolicanet.net\/wp-cnet\/wp-json\/wp\/v2\/posts\/15213","targetHints":{"allow":["GET"]}}],"collection":[{"href":"https:\/\/catolicanet.net\/wp-cnet\/wp-json\/wp\/v2\/posts"}],"about":[{"href":"https:\/\/catolicanet.net\/wp-cnet\/wp-json\/wp\/v2\/types\/post"}],"author":[{"embeddable":true,"href":"https:\/\/catolicanet.net\/wp-cnet\/wp-json\/wp\/v2\/users\/7"}],"replies":[{"embeddable":true,"href":"https:\/\/catolicanet.net\/wp-cnet\/wp-json\/wp\/v2\/comments?post=15213"}],"version-history":[{"count":1,"href":"https:\/\/catolicanet.net\/wp-cnet\/wp-json\/wp\/v2\/posts\/15213\/revisions"}],"predecessor-version":[{"id":21496,"href":"https:\/\/catolicanet.net\/wp-cnet\/wp-json\/wp\/v2\/posts\/15213\/revisions\/21496"}],"wp:attachment":[{"href":"https:\/\/catolicanet.net\/wp-cnet\/wp-json\/wp\/v2\/media?parent=15213"}],"wp:term":[{"taxonomy":"category","embeddable":true,"href":"https:\/\/catolicanet.net\/wp-cnet\/wp-json\/wp\/v2\/categories?post=15213"},{"taxonomy":"post_tag","embeddable":true,"href":"https:\/\/catolicanet.net\/wp-cnet\/wp-json\/wp\/v2\/tags?post=15213"}],"curies":[{"name":"wp","href":"https:\/\/api.w.org\/{rel}","templated":true}]}}