{"id":152,"date":"2016-10-18T12:07:21","date_gmt":"2016-10-18T14:07:21","guid":{"rendered":"http:\/\/catolicanet.net\/wp-cnet\/?p=152"},"modified":"2017-02-13T15:00:32","modified_gmt":"2017-02-13T17:00:32","slug":"mulher-que-encantou-o-mundo","status":"publish","type":"post","link":"https:\/\/catolicanet.net\/wp-cnet\/mulher-que-encantou-o-mundo\/","title":{"rendered":"Mulher que encantou o mundo"},"content":{"rendered":"<p style=\"text-align: justify;\">Santa Teresa de Jesus, religiosa carmelita espanhola (1515-1582), marcou uma \u00e9poca, sobretudo, por sua talentosa sabedoria e intelig\u00eancia, identificada e configurada com Jesus de Nazar\u00e9. Por uma vida de ora\u00e7\u00e3o e por oferecer um dadivoso e restaurador banho \u00e0 humanidade, legado espiritual com marcas de gra\u00e7as e b\u00ean\u00e7\u00e3os para a nossa civiliza\u00e7\u00e3o crist\u00e3. Igualmente, consciente de que a ora\u00e7\u00e3o \u00e9 o bem maior e a porta de entrada para a perfei\u00e7\u00e3o, bem como todo progresso na vida espiritual, exatamente quando o mundo se alargava atrav\u00e9s das grandes navega\u00e7\u00f5es, conquistas e descobertas.<br \/>\nTeresa D\u2019\u00c1vila, uma criatura humana exemplar, referencial, descomunal e atemporal, bem que pode ressoar, hoje, na vida dos crist\u00e3os como um verdadeiro milagre do inef\u00e1vel mist\u00e9rio de Deus. N\u00e3o tenho d\u00favida alguma de tratar-se de uma mulher fortemente motivada pelo Esp\u00edrito de Deus. \u00c9 assim que percebo o interior de nossa Irm\u00e3 D\u2019\u00c1vila, nas suas surpreendentes aventuras pelo misterioso caminho do mundo interior, tendo por base o Livro Sagrado: \u201cComo a cor\u00e7a que suspira pelas \u00e1guas da torrente, assim minha alma suspira por v\u00f3s, Senhor. Minha alma tem sede do Deus vivo\u201d (cf. Sl 42, 1). Ela \u00e9 considerada fundadora dos Carmelitas Descal\u00e7os, juntamente com S\u00e3o Jo\u00e3o da Cruz, aquele da c\u00e9lebre frase, a saber: \u201cNo entardecer desta vida, sereis julgados segundo o amor\u201d.<br \/>\nCom seus escritos, &#8220;Castelo Interior&#8221; e &#8220;Caminho da Perfei\u00e7\u00e3o&#8221;, deixando marcas inconfund\u00edveis, precisamente numa \u00e9poca em que se dedicou \u00e0 tarefa exigente de fundar e edificar casas de carmelitas reformadas, demonstrando for\u00e7a e vigor intelectual, testemunho apost\u00f3lico e, j\u00e1 nessa \u00e9poca, com a consci\u00eancia de uma Igreja santa e pecadora sempre necessitada de convers\u00e3o, Teresa D\u2019\u00c1vila voltou seu esp\u00edrito \u00e0 ora\u00e7\u00e3o, ofereceu ao mundo sua experi\u00eancia de vida contemplativa e m\u00edstica e teve diante dos olhos o absoluto de Deus, presenteando a humanidade com sua indel\u00e9vel marca e legado: \u201cNada te perturbe. Nada te amedronte. Tudo passa, s\u00f3 Deus n\u00e3o muda. A paci\u00eancia tudo alcan\u00e7a. A quem tem Deus nada falta. S\u00f3 Deus basta!\u201d.<br \/>\nSuas bel\u00edssimas reflex\u00f5es, al\u00e9m de encantadoras, asseguram-nos, por bondade de Deus, que temos tudo o que precisamos \u00e0s m\u00e3os para realizar os prop\u00f3sitos divinos, quando afirma que \u201co Senhor n\u00e3o olha tanto a grandeza das nossas obras, olha mais o amor com que s\u00e3o feitas\u201d. Santa Teresa tamb\u00e9m nos indaga sobre a superficialidade de nossos sentimentos, dizendo-nos: \u201cO verdadeiro humilde sempre duvida das pr\u00f3prias virtudes e considera mais seguras as que v\u00ea no pr\u00f3ximo\u201d. O essencial para Santa Teresa foi a miseric\u00f3rdia de Deus. Aqui cabe uma fervorosa s\u00faplica ao bom Deus, para que a humanidade saiba se valer da reformadora, colocando-a como refer\u00eancia para o nosso tempo t\u00e3o conturbado. Assim seja!<\/p>\n<p style=\"text-align: justify;\">\n","protected":false},"excerpt":{"rendered":"<p>Santa Teresa de Jesus, religiosa carmelita espanhola (1515-1582), marcou uma \u00e9poca, sobretudo, por sua talentosa sabedoria e intelig\u00eancia, identificada e configurada com Jesus de Nazar\u00e9. Por uma vida de ora\u00e7\u00e3o e por oferecer um dadivoso e restaurador banho \u00e0 humanidade, legado espiritual com marcas de gra\u00e7as e b\u00ean\u00e7\u00e3os para a nossa civiliza\u00e7\u00e3o crist\u00e3. Igualmente, consciente [&hellip;]<\/p>\n","protected":false},"author":6,"featured_media":0,"comment_status":"open","ping_status":"open","sticky":false,"template":"","format":"quote","meta":{"footnotes":""},"categories":[9],"tags":[],"class_list":["post-152","post","type-post","status-publish","format-quote","hentry","category-artigos","post_format-post-format-quote"],"_links":{"self":[{"href":"https:\/\/catolicanet.net\/wp-cnet\/wp-json\/wp\/v2\/posts\/152","targetHints":{"allow":["GET"]}}],"collection":[{"href":"https:\/\/catolicanet.net\/wp-cnet\/wp-json\/wp\/v2\/posts"}],"about":[{"href":"https:\/\/catolicanet.net\/wp-cnet\/wp-json\/wp\/v2\/types\/post"}],"author":[{"embeddable":true,"href":"https:\/\/catolicanet.net\/wp-cnet\/wp-json\/wp\/v2\/users\/6"}],"replies":[{"embeddable":true,"href":"https:\/\/catolicanet.net\/wp-cnet\/wp-json\/wp\/v2\/comments?post=152"}],"version-history":[{"count":5,"href":"https:\/\/catolicanet.net\/wp-cnet\/wp-json\/wp\/v2\/posts\/152\/revisions"}],"predecessor-version":[{"id":930,"href":"https:\/\/catolicanet.net\/wp-cnet\/wp-json\/wp\/v2\/posts\/152\/revisions\/930"}],"wp:attachment":[{"href":"https:\/\/catolicanet.net\/wp-cnet\/wp-json\/wp\/v2\/media?parent=152"}],"wp:term":[{"taxonomy":"category","embeddable":true,"href":"https:\/\/catolicanet.net\/wp-cnet\/wp-json\/wp\/v2\/categories?post=152"},{"taxonomy":"post_tag","embeddable":true,"href":"https:\/\/catolicanet.net\/wp-cnet\/wp-json\/wp\/v2\/tags?post=152"}],"curies":[{"name":"wp","href":"https:\/\/api.w.org\/{rel}","templated":true}]}}