{"id":15187,"date":"2016-06-13T17:24:44","date_gmt":"2016-06-13T20:24:44","guid":{"rendered":"http:\/\/catolicanet.net\/wp-cnet\/2016\/06\/13\/papa-aos-funcionarios-do-pma-voces-sao-a-base-da-luta-contra-a-fome\/"},"modified":"2017-06-02T11:42:42","modified_gmt":"2017-06-02T14:42:42","slug":"papa-aos-funcionarios-do-pma-voces-sao-a-base-da-luta-contra-a-fome","status":"publish","type":"post","link":"https:\/\/catolicanet.net\/wp-cnet\/papa-aos-funcionarios-do-pma-voces-sao-a-base-da-luta-contra-a-fome\/","title":{"rendered":"Papa aos funcion\u00e1rios do PMA: voc\u00eas s\u00e3o a base da luta contra a fome"},"content":{"rendered":"<p style=\"text-align: justify;\"><img decoding=\"async\" src=\"http:\/\/www.catolicanet.com.br\/images\/stories\/papas\/afp5404153_articolo.jpg\" border=\"0\" align=\"left\" \/>O Papa Francisco visitou na manh\u00e3 desta segunda-feira, (13\/06), a sede do Programa Mundial Alimentar (PMA), em Roma.<\/p>\n<p>Ap\u00f3s dirigir-se \u00e0 Confer\u00eancia, o Pont\u00edfice deixou de lado o discurso preparado em espanhol, e falou espontaneamente em italiano aos funcion\u00e1rios da ag\u00eancia humanit\u00e1ria da ONU.<\/p>\n<p>Trabalho escondido<\/p>\n<p>\u201cObrigado! Obrigado, porque voc\u00eas fazem um trabalho escondido, um trabalho nos bastidores, que n\u00e3o se v\u00ea, mas que torna poss\u00edvel que tudo v\u00e1 adiante. Voc\u00eas s\u00e3o, como por exemplo, as bases de um pr\u00e9dio: sem as bases o edif\u00edcio n\u00e3o fica de p\u00e9. Muitos projetos, muitas coisas podem ser feitas e se fazem no mundo da luta contra a fome, s\u00e3o feitas por muitas pessoas corajosas. Mas isso gra\u00e7as ao seu apoio, \u00e0 sua ajuda escondida. Os seus nomes aparecem somente na lista dos funcion\u00e1rios e no final do m\u00eas nos contracheques, mas l\u00e1 fora ningu\u00e9m sabe como voc\u00eas se chamam. Por\u00e9m, os seus nomes tornam poss\u00edvel esse grande trabalho, esse grande trabalho de luta contra a fome. Gra\u00e7as ao trabalho, a um pequeno ou grande sacrif\u00edcio que voc\u00eas fazem muitas crian\u00e7as podem comer. Muita fome \u00e9 resolvida.\u201d <\/p>\n<p>Trabalho corajoso<\/p>\n<p>Francisco disse que quando ouviu falar a diretora do Programa pensou: \u201cEsta \u00e9 uma mulher corajosa! Acredito que esta coragem todos voc\u00eas t\u00eam. A coragem de levar adiante um trabalho escondido e sustentar a coragem das pessoas que se veem, porque num corpo existem os p\u00e9s, as m\u00e3os, e tamb\u00e9m o rosto. Vemos o rosto, mas os p\u00e9s n\u00e3o, pois est\u00e3o escondidos dentro dos sapatos. Voc\u00eas s\u00e3o os p\u00e9s, as m\u00e3os que sustentam a coragem daqueles que v\u00e3o adiante. Que sustentaram a coragem de seus m\u00e1rtires, digamos assim, de suas testemunhas. Nunca se esque\u00e7am os nomes daqueles que est\u00e3o escritos ali na entrada. Eles puderam fazer isso por causa da coragem que tinham, pela f\u00e9 que tinham em seu trabalho, mas tamb\u00e9m porque eram auxiliados pelo trabalho de voc\u00eas\u201d. <\/p>\n<p>O Papa pediu aos funcion\u00e1rios do PMA para que rezassem por ele a fim de que ele tamb\u00e9m possa fazer algo contra a fome. <\/p>\n<p>Segue, abaixo, o discurso preparado e entregue pelo Papa Francisco.<\/p>\n<p>Estou contente de me encontrar com voc\u00eas num clima simples e familiar, reflexo do estilo que anima a sua entrega ao servi\u00e7o de muitos irm\u00e3os nossos, que hoje encontram em voc\u00eas um dos rostos solid\u00e1rios da humanidade. Quero tamb\u00e9m lembrar os seus colegas que, espalhados pelo mundo, colaboram com o Programa Mundial Alimentar. A todos voc\u00eas, obrigado pela calorosa amizade e boas-vindas.<\/p>\n<p>A Senhora Diretora Executiva explicou-me a import\u00e2ncia do trabalho que realizais com grande compet\u00eancia e n\u00e3o poucos sacrif\u00edcios, de forma generosa, mesmo em situa\u00e7\u00f5es duras e muitas vezes inseguras por causas naturais ou humanas. A amplitude e gravidade dos problemas enfrentados pelo PMA exigem que voc\u00eas prossigam colocando entusiasmo em tudo o que fazem, sempre prontos a servir. Para isso, conta muito a forma\u00e7\u00e3o permanente, uma intui\u00e7\u00e3o perspicaz e sobretudo um grande sentido de compaix\u00e3o, sem o qual tudo o mais careceria de for\u00e7a e raz\u00e3o de ser.<\/p>\n<p>O PMA depositou em suas m\u00e3os uma grande miss\u00e3o. O bom \u00eaxito da mesma depende em grande parte de n\u00e3o se deixar vencer pela in\u00e9rcia, mas p\u00f4r em tudo capacidade de iniciativa, imagina\u00e7\u00e3o e profissionalismo, a fim de procurar cada dia vias novas e eficazes para vencer a desnutri\u00e7\u00e3o e a fome que sofrem muitos seres humanos em v\u00e1rias partes do mundo. S\u00e3o eles que nos pedem para lhes prestarmos a nossa aten\u00e7\u00e3o. Por isso, \u00e9 importante que voc\u00eas n\u00e3o se deixem sufocar pelos dossi\u00eas e consigam descobrir que, por tr\u00e1s de cada folha de papel, existe uma hist\u00f3ria particular, muitas vezes dolorosa e delicada. O segredo \u00e9 ver, por tr\u00e1s de cada expediente, um rosto humano que pede ajuda. Ouvir o grito do pobre lhes permitir\u00e1 a n\u00e3o se fechar em formul\u00e1rios frios. Tudo \u00e9 pouco para derrotar um fen\u00f4meno assim terr\u00edvel como a fome.<\/p>\n<p>Esta \u00e9 uma das maiores amea\u00e7as \u00e0 paz e a uma conviv\u00eancia humana serena. Uma amea\u00e7a que n\u00e3o podemos nos contentar apenas em denunci\u00e1-la ou estud\u00e1-la; \u00e9 preciso enfrent\u00e1-la com decis\u00e3o e resolv\u00ea-la urgentemente. Cada um de n\u00f3s, segundo a respectiva responsabilidade, deve agir na medida das pr\u00f3prias possibilidades a fim de se alcan\u00e7ar uma solu\u00e7\u00e3o definitiva a esta mis\u00e9ria humana que degrada e corr\u00f3i a exist\u00eancia de um n\u00famero enorme de nossos irm\u00e3os e irm\u00e3s. E, na hora de ajudar aqueles que cruelmente a padecem, ningu\u00e9m \u00e9 demais nem pode limitar-se a apresentar uma desculpa, pensando que \u00e9 um problema que o ultrapassa ou n\u00e3o lhe diz respeito.<\/p>\n<p>O desenvolvimento humano, social, t\u00e9cnico e econ\u00f4mico \u00e9 o caminho obrigat\u00f3rio para garantir que cada pessoa, fam\u00edlia, comunidade ou povo possa enfrentar as pr\u00f3prias necessidades. Isto nos diz que devemos trabalhar, n\u00e3o por uma ideia abstrata nem por uma defesa te\u00f3rica da dignidade, mas por tutelar a vida concreta de cada ser humano. Nas \u00e1reas mais pobres e deprimidas, isso significa dispor de comida em caso de emerg\u00eancias, mas tamb\u00e9m possibilitar o acesso a meios e instrumentos t\u00e9cnicos, a postos de trabalho, ao microcr\u00e9dito, fazendo com que a popula\u00e7\u00e3o local reforce a sua capacidade de resposta \u00e0s crises que possam improvisadamente surgir.<\/p>\n<p>Quando digo isto, n\u00e3o me refiro apenas \u00e0s quest\u00f5es materiais. Trata-se, primeiramente, de um compromisso moral que permita olhar com responsabilidade para a pessoa que est\u00e1 ao meu lado, bem como para o objetivo geral de todo o Programa. Voc\u00eas s\u00e3o chamados a sustentar e defender este compromisso atrav\u00e9s de um servi\u00e7o que poderia, mas s\u00f3 \u00e0 primeira vista, parecer puramente t\u00e9cnico. Ao contr\u00e1rio, o que realizam s\u00e3o a\u00e7\u00f5es que precisam de uma grande for\u00e7a moral a fim de contribuir para a edifica\u00e7\u00e3o do bem comum em cada pa\u00eds e em toda a comunidade internacional.<\/p>\n<p>Diante de tantos desafios, perante os perigos e problemas que surgem continuamente, se tem a impress\u00e3o de que o futuro da humanidade consistir\u00e1 apenas em dar resposta a provas e riscos cada vez mais interligados e dif\u00edceis de prever tanto na sua amplitude quanto na sua complexidade. Voc\u00eas sabem disso por experi\u00eancia pr\u00f3pria. Mas isto n\u00e3o nos deve desanimar. Animem-se e se ajudem mutuamente para que n\u00e3o deixem entrar em seus cora\u00e7\u00f5es a tenta\u00e7\u00e3o do des\u00e2nimo ou da indiferen\u00e7a. Pelo contr\u00e1rio, acreditem firmemente que a a\u00e7\u00e3o di\u00e1ria de todos v\u00f3s est\u00e1 a contribuir para transformar o nosso mundo num mundo com rosto humano, num espa\u00e7o cujos pontos cardeais sejam a compaix\u00e3o, a solidariedade, a ajuda m\u00fatua e a gratuidade. Quanto maior for a vossa generosidade, a vossa tenacidade, a vossa f\u00e9, tanto mais a coopera\u00e7\u00e3o multilateral poder\u00e1 encontrar solu\u00e7\u00f5es adequadas para os problemas que muito nos preocupam, ampliar perspectivas parciais e interessadas e abrir novos caminhos \u00e0 esperan\u00e7a, a um \u00e9quo desenvolvimento humano, \u00e0 sustentabilidade e \u00e0 luta por conter as desigualdades econ\u00f4micas injustas que tanto ferem os mais vulner\u00e1veis.<\/p>\n<p>Sobre cada um de voc\u00eas, suas fam\u00edlias e o trabalho que desempenham no PMA, invoco abundantes b\u00ean\u00e7\u00e3os divinas.<\/p>\n<p>Pe\u00e7o-lhes para que rezem por mim, cada um no seu \u00edntimo, ou pelo menos, quando pensarem em mim, que o fa\u00e7am de modo positivo. Preciso muito disso. Obrigado!<\/p>\n<p style=\"text-align: justify;\">\u00a0<\/p>\n<p style=\"text-align: justify;\">Fonte: R\u00e1dio Vaticano<\/p>\n","protected":false},"excerpt":{"rendered":"<p>O Papa Francisco visitou na manh\u00e3 desta segunda-feira, (13\/06), a sede do Programa Mundial Alimentar (PMA), em Roma. Ap\u00f3s dirigir-se \u00e0 Confer\u00eancia, o Pont\u00edfice deixou de lado o discurso preparado em espanhol, e falou espontaneamente em italiano aos funcion\u00e1rios da ag\u00eancia humanit\u00e1ria da ONU. Trabalho escondido \u201cObrigado! Obrigado, porque voc\u00eas fazem um trabalho escondido, um [&hellip;]<\/p>\n","protected":false},"author":1,"featured_media":15186,"comment_status":"open","ping_status":"open","sticky":false,"template":"","format":"standard","meta":{"footnotes":""},"categories":[3],"tags":[],"class_list":["post-15187","post","type-post","status-publish","format-standard","has-post-thumbnail","hentry","category-vaticano"],"_links":{"self":[{"href":"https:\/\/catolicanet.net\/wp-cnet\/wp-json\/wp\/v2\/posts\/15187","targetHints":{"allow":["GET"]}}],"collection":[{"href":"https:\/\/catolicanet.net\/wp-cnet\/wp-json\/wp\/v2\/posts"}],"about":[{"href":"https:\/\/catolicanet.net\/wp-cnet\/wp-json\/wp\/v2\/types\/post"}],"author":[{"embeddable":true,"href":"https:\/\/catolicanet.net\/wp-cnet\/wp-json\/wp\/v2\/users\/1"}],"replies":[{"embeddable":true,"href":"https:\/\/catolicanet.net\/wp-cnet\/wp-json\/wp\/v2\/comments?post=15187"}],"version-history":[{"count":1,"href":"https:\/\/catolicanet.net\/wp-cnet\/wp-json\/wp\/v2\/posts\/15187\/revisions"}],"predecessor-version":[{"id":28282,"href":"https:\/\/catolicanet.net\/wp-cnet\/wp-json\/wp\/v2\/posts\/15187\/revisions\/28282"}],"wp:featuredmedia":[{"embeddable":true,"href":"https:\/\/catolicanet.net\/wp-cnet\/wp-json\/wp\/v2\/media\/15186"}],"wp:attachment":[{"href":"https:\/\/catolicanet.net\/wp-cnet\/wp-json\/wp\/v2\/media?parent=15187"}],"wp:term":[{"taxonomy":"category","embeddable":true,"href":"https:\/\/catolicanet.net\/wp-cnet\/wp-json\/wp\/v2\/categories?post=15187"},{"taxonomy":"post_tag","embeddable":true,"href":"https:\/\/catolicanet.net\/wp-cnet\/wp-json\/wp\/v2\/tags?post=15187"}],"curies":[{"name":"wp","href":"https:\/\/api.w.org\/{rel}","templated":true}]}}