{"id":15179,"date":"2016-06-13T13:19:42","date_gmt":"2016-06-13T16:19:42","guid":{"rendered":"http:\/\/catolicanet.net\/wp-cnet\/2016\/06\/13\/papa-francisco-incentiva-menina-com-sindrome-de-down\/"},"modified":"2017-06-02T11:53:09","modified_gmt":"2017-06-02T14:53:09","slug":"papa-francisco-incentiva-menina-com-sindrome-de-down","status":"publish","type":"post","link":"https:\/\/catolicanet.net\/wp-cnet\/papa-francisco-incentiva-menina-com-sindrome-de-down\/","title":{"rendered":"Papa Francisco incentiva menina com S\u00edndrome de Down"},"content":{"rendered":"<p style=\"text-align: justify;\"><img decoding=\"async\" src=\"http:\/\/www.catolicanet.com.br\/images\/stories\/papas\/ansa1024178_articolo.jpg\" border=\"0\" align=\"left\" \/>A Audi\u00eancia que o Papa concedeu no s\u00e1bado, (11\/06), a um grupo que participava do Congresso de Portadores de Necessidades Especiais no contexto do Jubileu dos Enfermos, foi marcada por um gesto de ternura. <\/p>\n<p>Ou &#8220;uma verdadeira li\u00e7\u00e3o&#8221;, como disse o Papa.<\/p>\n<p>Durante seu discurso, Francisco, ao perceber que uma garotinha iniciava, t\u00edmida, a subir as escadas para se aproximar dele, sem se preocupar com os seguran\u00e7as: incentivou-a. <\/p>\n<p>&#8220;Vem, vem, vem&#8221;, disse o Papa.<\/p>\n<p>E continuou: &#8220;Esta n\u00e3o tem medo. Arrisca&#8221;.<\/p>\n<p>&#8220;Esta sabe que as diversidades s\u00e3o uma riqueza. Arrisca&#8221;.<\/p>\n<p>&#8220;E nos deu uma li\u00e7\u00e3o&#8221;.<\/p>\n<p>&#8220;Ela nunca ser\u00e1 discriminada. Sabe se defender sozinha&#8221;.<\/p>\n<p style=\"text-align: justify;\">\u00a0<\/p>\n<p style=\"text-align: justify;\">Fonte: R\u00e1dio Vaticano<\/p>\n","protected":false},"excerpt":{"rendered":"<p>A Audi\u00eancia que o Papa concedeu no s\u00e1bado, (11\/06), a um grupo que participava do Congresso de Portadores de Necessidades Especiais no contexto do Jubileu dos Enfermos, foi marcada por um gesto de ternura. Ou &#8220;uma verdadeira li\u00e7\u00e3o&#8221;, como disse o Papa. Durante seu discurso, Francisco, ao perceber que uma garotinha iniciava, t\u00edmida, a subir [&hellip;]<\/p>\n","protected":false},"author":1,"featured_media":15178,"comment_status":"open","ping_status":"open","sticky":false,"template":"","format":"standard","meta":{"footnotes":""},"categories":[3],"tags":[],"class_list":["post-15179","post","type-post","status-publish","format-standard","has-post-thumbnail","hentry","category-vaticano"],"_links":{"self":[{"href":"https:\/\/catolicanet.net\/wp-cnet\/wp-json\/wp\/v2\/posts\/15179","targetHints":{"allow":["GET"]}}],"collection":[{"href":"https:\/\/catolicanet.net\/wp-cnet\/wp-json\/wp\/v2\/posts"}],"about":[{"href":"https:\/\/catolicanet.net\/wp-cnet\/wp-json\/wp\/v2\/types\/post"}],"author":[{"embeddable":true,"href":"https:\/\/catolicanet.net\/wp-cnet\/wp-json\/wp\/v2\/users\/1"}],"replies":[{"embeddable":true,"href":"https:\/\/catolicanet.net\/wp-cnet\/wp-json\/wp\/v2\/comments?post=15179"}],"version-history":[{"count":1,"href":"https:\/\/catolicanet.net\/wp-cnet\/wp-json\/wp\/v2\/posts\/15179\/revisions"}],"predecessor-version":[{"id":28337,"href":"https:\/\/catolicanet.net\/wp-cnet\/wp-json\/wp\/v2\/posts\/15179\/revisions\/28337"}],"wp:featuredmedia":[{"embeddable":true,"href":"https:\/\/catolicanet.net\/wp-cnet\/wp-json\/wp\/v2\/media\/15178"}],"wp:attachment":[{"href":"https:\/\/catolicanet.net\/wp-cnet\/wp-json\/wp\/v2\/media?parent=15179"}],"wp:term":[{"taxonomy":"category","embeddable":true,"href":"https:\/\/catolicanet.net\/wp-cnet\/wp-json\/wp\/v2\/categories?post=15179"},{"taxonomy":"post_tag","embeddable":true,"href":"https:\/\/catolicanet.net\/wp-cnet\/wp-json\/wp\/v2\/tags?post=15179"}],"curies":[{"name":"wp","href":"https:\/\/api.w.org\/{rel}","templated":true}]}}