{"id":15177,"date":"2016-06-13T13:16:07","date_gmt":"2016-06-13T16:16:07","guid":{"rendered":"http:\/\/catolicanet.net\/wp-cnet\/2016\/06\/13\/papa-envia-cardeal-hummes-ao-congresso-eucaristico-nacional\/"},"modified":"2017-05-30T08:33:32","modified_gmt":"2017-05-30T11:33:32","slug":"papa-envia-cardeal-hummes-ao-congresso-eucaristico-nacional","status":"publish","type":"post","link":"https:\/\/catolicanet.net\/wp-cnet\/papa-envia-cardeal-hummes-ao-congresso-eucaristico-nacional\/","title":{"rendered":"Papa envia Cardeal Hummes ao Congresso Eucar\u00edstico Nacional"},"content":{"rendered":"<p style=\"text-align: justify;\"><img decoding=\"async\" src=\"http:\/\/www.catolicanet.com.br\/images\/stories\/cardeais\/rv16576_articolo.jpg\" border=\"0\" align=\"left\" \/>O Papa Francisco nomeou o Cardeal Cl\u00e1udio Hummes, O.F.M, Arcebispo em\u00e9rito de S\u00e3o Paulo e Prefeito em\u00e9rito da Congrega\u00e7\u00e3o para o Clero, seu Enviado Especial ao XVII Congresso Eucar\u00edstico Nacional do Brasil, que ser\u00e1 celebrado em Bel\u00e9m do Par\u00e1 entre 15 e 21 de agosto.<\/p>\n<p>Nos \u00faltimo anos, Dom Cl\u00e1udio realizou mais de 30 visitas \u00e0s mais de 70 circunscri\u00e7\u00f5es eclesiais da Amaz\u00f4nia legal. Neste sentido, o cardeal acredita que as quest\u00f5es do Norte do Brasil estar\u00e3o no centro dos debates\u00a0 \u2013 sem negligenciar o atual contexto brasileiro, do qual \u00e0 Igreja n\u00e3o se exclui e aproveita para reiterar a op\u00e7\u00e3o pelos pobres.<\/p>\n<p>Dom Cl\u00e1udio: &#8220;O Congresso tem essa especificidade de ser celebrado na Amaz\u00f4nia quando se celebra exatamente o IV centen\u00e1rio do in\u00edcio da evangeliza\u00e7\u00e3o na Amaz\u00f4nia. E tamb\u00e9m o IV centen\u00e1rio de funda\u00e7\u00e3o da cidade de Bel\u00e9m. Isso marca de modo especial o rumo e os conte\u00fados deste Congresso, como o pr\u00f3prio tema j\u00e1 diz: quer se falar da Amaz\u00f4nia mission\u00e1ria porque o tema \u00e9 &#8220;Eucaristia e Partilha na Amaz\u00f4nia Mission\u00e1ria&#8221;. Estar\u00e1 bem no centro, portanto, a Amaz\u00f4nia e, de modo especial, essa caracter\u00edstica de ser uma regi\u00e3o sumamente mission\u00e1ria, sobretudo, para n\u00f3s aqui para o Brasil&#8221;.<\/p>\n<p>RV: Sem esquecer a situa\u00e7\u00e3o atual que se vive no Brasil em outros campos:<\/p>\n<p>Dom Cl\u00e1udio: &#8220;O tema foi escolhido a mais tempo tendo em vista estes centen\u00e1rios que citei. Mas hoje, sendo, claro, um Congresso Nacional, ele vai acontecer dentro de um momento de forte crise pol\u00edtica e social no pa\u00eds, uma crise que tem no centro a corrup\u00e7\u00e3o de modo geral. Portanto, tamb\u00e9m ser\u00e1 um momento em que tudo isso, o que est\u00e1 ocorrendo no Brasil, dever\u00e1 fazer parte das preocupa\u00e7\u00f5es e dos enfoques deste nosso Congresso Eucar\u00edstico&#8221;. <\/p>\n<p>Em uma das mais recentes entrevistas \u00e0 R\u00e1dio Vaticano, o Cardeal Hummes relatou os aspectos da sua visita \u00e0 Ilha de Maraj\u00f3.<\/p>\n<p>\u201cEsta \u00e1rea \u00e9 muito abandonada pelo poder p\u00fablico estadual e federal; praticamente n\u00e3o h\u00e1 investimentos. Melga\u00e7o \u00e9 o munic\u00edpio mais pobre do Brasil. O povo est\u00e1 muito aflito por falta de oportunidade de trabalho, n\u00e3o existe trabalho. O desemprego \u00e9 colossal, n\u00e3o h\u00e1 investimentos ali. Os munic\u00edpios n\u00e3o t\u00eam condi\u00e7\u00f5es, porque n\u00e3o t\u00eam arrecada\u00e7\u00e3o, uma vez que n\u00e3o existe produ\u00e7\u00e3o. Grande parte deste povo vive da bolsa fam\u00edlia e \u00e0s vezes de um ou outro aposentado que ajuda a sua parentela a sobreviver. Quando andamos por Melga\u00e7o, \u00e0 beira do rio, vemos as pessoas andando, ou sentadas em casa, porque n\u00e3o existe trabalho. \u00c9 muito triste\u201d.<\/p>\n<p style=\"text-align: justify;\">\u00a0<\/p>\n<p style=\"text-align: justify;\">Fonte: R\u00e1dio Vaticano<\/p>\n","protected":false},"excerpt":{"rendered":"<p>O Papa Francisco nomeou o Cardeal Cl\u00e1udio Hummes, O.F.M, Arcebispo em\u00e9rito de S\u00e3o Paulo e Prefeito em\u00e9rito da Congrega\u00e7\u00e3o para o Clero, seu Enviado Especial ao XVII Congresso Eucar\u00edstico Nacional do Brasil, que ser\u00e1 celebrado em Bel\u00e9m do Par\u00e1 entre 15 e 21 de agosto. Nos \u00faltimo anos, Dom Cl\u00e1udio realizou mais de 30 visitas [&hellip;]<\/p>\n","protected":false},"author":1,"featured_media":15176,"comment_status":"open","ping_status":"open","sticky":false,"template":"","format":"standard","meta":{"footnotes":""},"categories":[3],"tags":[],"class_list":["post-15177","post","type-post","status-publish","format-standard","has-post-thumbnail","hentry","category-vaticano"],"_links":{"self":[{"href":"https:\/\/catolicanet.net\/wp-cnet\/wp-json\/wp\/v2\/posts\/15177","targetHints":{"allow":["GET"]}}],"collection":[{"href":"https:\/\/catolicanet.net\/wp-cnet\/wp-json\/wp\/v2\/posts"}],"about":[{"href":"https:\/\/catolicanet.net\/wp-cnet\/wp-json\/wp\/v2\/types\/post"}],"author":[{"embeddable":true,"href":"https:\/\/catolicanet.net\/wp-cnet\/wp-json\/wp\/v2\/users\/1"}],"replies":[{"embeddable":true,"href":"https:\/\/catolicanet.net\/wp-cnet\/wp-json\/wp\/v2\/comments?post=15177"}],"version-history":[{"count":1,"href":"https:\/\/catolicanet.net\/wp-cnet\/wp-json\/wp\/v2\/posts\/15177\/revisions"}],"predecessor-version":[{"id":24321,"href":"https:\/\/catolicanet.net\/wp-cnet\/wp-json\/wp\/v2\/posts\/15177\/revisions\/24321"}],"wp:featuredmedia":[{"embeddable":true,"href":"https:\/\/catolicanet.net\/wp-cnet\/wp-json\/wp\/v2\/media\/15176"}],"wp:attachment":[{"href":"https:\/\/catolicanet.net\/wp-cnet\/wp-json\/wp\/v2\/media?parent=15177"}],"wp:term":[{"taxonomy":"category","embeddable":true,"href":"https:\/\/catolicanet.net\/wp-cnet\/wp-json\/wp\/v2\/categories?post=15177"},{"taxonomy":"post_tag","embeddable":true,"href":"https:\/\/catolicanet.net\/wp-cnet\/wp-json\/wp\/v2\/tags?post=15177"}],"curies":[{"name":"wp","href":"https:\/\/api.w.org\/{rel}","templated":true}]}}